{"id":84688,"date":"2024-02-29T21:43:48","date_gmt":"2024-02-29T21:43:48","guid":{"rendered":"https:\/\/jorgezanoni.com.br\/2019\/?p=84688"},"modified":"2024-02-29T21:43:48","modified_gmt":"2024-02-29T21:43:48","slug":"ministro-marcio-franca-tem-presenca-confirmada-em-evento-na-fundec","status":"publish","type":"post","link":"https:\/\/jorgezanoni.com.br\/2019\/ministro-marcio-franca-tem-presenca-confirmada-em-evento-na-fundec\/","title":{"rendered":"Ministro M\u00e1rcio Fran\u00e7a tem presen\u00e7a confirmada em evento na Fundec"},"content":{"rendered":"<p style=\"text-align: justify;\"><span style=\"font-size: large;\">A Fundec sediar\u00e1 o 5\u00ba F\u00f3rum Nacional da Animes e a organiza\u00e7\u00e3o do evento confirma a presen\u00e7a do ex-governador de S\u00e3o Paulo e atual ministro do Empreendedorismo, da Microempresa e da Empresa de Pequeno Porte M\u00e1rcio Fran\u00e7a como palestrante no f\u00f3rum, que ser\u00e1 realizado nos dias 21 e 22 de mar\u00e7o, em Dracena.<\/span><\/p>\n<p><span style=\"font-size: large;\">Nesta manh\u00e3 de quinta-feira, estiveram reunidos na Fundec o prefeito de Dracena Andr\u00e9 Lemos e os representantes da Funda\u00e7\u00e3o, o presidente do Conselho de Curadores Luciano Gerlin, o diretor-executivo Edson Kai e o secret\u00e1rio assistente e diretor de Comunica\u00e7\u00e3o Fernando Nunes, para alinhar como ser\u00e3o a programa\u00e7\u00e3o e a recep\u00e7\u00e3o do Ministro no munic\u00edpio.<\/span><\/p>\n<p style=\"text-align: justify;\"><img loading=\"lazy\" decoding=\"async\" class=\"alignnone size-full wp-image-84690\" src=\"https:\/\/jorgezanoni.com.br\/2019\/wp-content\/uploads\/2024\/02\/zz-m-fundec-Pequeno.jpeg\" alt=\"\" width=\"853\" height=\"480\" srcset=\"https:\/\/jorgezanoni.com.br\/2019\/wp-content\/uploads\/2024\/02\/zz-m-fundec-Pequeno.jpeg 853w, https:\/\/jorgezanoni.com.br\/2019\/wp-content\/uploads\/2024\/02\/zz-m-fundec-Pequeno-300x169.jpeg 300w, https:\/\/jorgezanoni.com.br\/2019\/wp-content\/uploads\/2024\/02\/zz-m-fundec-Pequeno-768x432.jpeg 768w, https:\/\/jorgezanoni.com.br\/2019\/wp-content\/uploads\/2024\/02\/zz-m-fundec-Pequeno-696x392.jpeg 696w, https:\/\/jorgezanoni.com.br\/2019\/wp-content\/uploads\/2024\/02\/zz-m-fundec-Pequeno-746x420.jpeg 746w\" sizes=\"auto, (max-width: 853px) 100vw, 853px\" \/><\/p>\n<p><span style=\"font-size: large;\">Segundo o prefeito Andr\u00e9 Lemos, &#8220;\u00e9 sempre um feito pol\u00edtico muito importante receber um ministro. O M\u00e1rcio Fran\u00e7a tem um hist\u00f3rico em Dracena, foi governador de nosso estado, esteve aqui em outras oportunidades e ser\u00e1 novamente muito bem-vindo&#8221;.<\/span><\/p>\n<p><span style=\"font-size: large;\">O presidente do Conselho de Curadores da Fundec Luciano Gerlin destaca que &#8220;estamos entusiasmados, otimistas e orgulhosos com a visita de um ministro \u00e0 nossa cidade, um fato raro em cidades de pequeno e m\u00e9dio porte. Dracena recebeu pouqu\u00edssimas vezes um ministro e a Fundec fazer parte deste convite nos deixa ainda mais felizes. Sabemos a import\u00e2ncia do Minist\u00e9rio do Empreendedorismo, da Microempresa e da Empresa de Pequeno Porte e vimos que Dracena est\u00e1 em franco desenvolvimento com seu com\u00e9rcio pujante. Uma visita como esta pode beneficiar ainda mais o meio empresarial. De forma geral, completa nossa felicidade a Fundec poder fazer parte do desenvolvimento de nossa cidade e de toda a regi\u00e3o, levando ensino \u00e0s pessoas&#8221;.<\/span><\/p>\n<p><span style=\"font-size: large;\">Edson Kai, diretor-executivo da Fundec, ressalta que a presen\u00e7a de um Ministro de Estado em Dracena, especialmente em nossa Institui\u00e7\u00e3o, \u00e9 extremamente significativa, especialmente considerando que se trata de um amigo como o Ministro M\u00e1rcio Fran\u00e7a, ex-governador de S\u00e3o Paulo, que j\u00e1 esteve em nossa cidade em duas ocasi\u00f5es, demonstrando seu carisma e familiaridade com as necessidades de nossa regi\u00e3o. &#8220;\u00c9 com imensa satisfa\u00e7\u00e3o que o recebemos novamente, desta vez em reconhecimento \u00e0 Fundec e \u00e0 Animes, quando tamb\u00e9m ter\u00e1 a oportunidade de proferir palestra&#8221;.<\/span><\/p>\n<p><span style=\"font-size: large;\">Dracena sediar\u00e1 pela primeira vez o F\u00f3rum Nacional da Animes, com a Fundec, mantenedora da Unifadra, recebendo um evento que congrega dirigentes das institui\u00e7\u00f5es de ensino municipais de todo o pa\u00eds para discutir temas relevantes e atuais relacionados \u00e0 Educa\u00e7\u00e3o Superior.<\/span><\/p>\n<p><span style=\"font-size: large;\">A expectativa dos organizadores do F\u00f3rum \u00e9 a de reunir cerca de 300 pessoas no dia 21\/03 para a palestra do ministro M\u00e1rcio Fran\u00e7a, que ser\u00e1 realizada \u00e0s 9h30, no Audit\u00f3rio da Fundec, dentro da programa\u00e7\u00e3o do 5\u00ba F\u00f3rum Nacional da Animes.<\/span><\/p>\n<p><span style=\"font-size: large;\"><b>5\u00ba F\u00f3rum Nacional da ANIMES<\/b><\/span><br \/>\n<span style=\"font-size: large;\"><b>Tema<\/b>: Tecnologia na gest\u00e3o acad\u00eamica e humana: novas perspectivas para as IES Municipais<\/span><br \/>\n<span style=\"font-size: large;\"><b>Quando<\/b>: 21 e 22 de mar\u00e7o de 2024, das 9h \u00e0s 17h<\/span><br \/>\n<span style=\"font-size: large;\"><b>Onde<\/b>: Unifadra &#8211; Audit\u00f3rio &#8220;Prof. Geraldo Mariano Alves&#8221;<\/span><br \/>\n<span style=\"font-size: large;\">(Rua Bahia, 266, Dracena &#8211; SP)<\/span><\/p>\n<p><span style=\"font-size: large;\">A Animes &#8211; Associa\u00e7\u00e3o Nacional das Institui\u00e7\u00f5es Municipais de Ensino Superior representa 60 institui\u00e7\u00f5es, englobando universidades, centros universit\u00e1rios e faculdades. Essas institui\u00e7\u00f5es est\u00e3o distribu\u00eddas nos estados de: S\u00e3o Paulo (27), Pernambuco (19), Goi\u00e1s (4), Paran\u00e1 (3), Santa Catarina (2), Tocantins (1), Esp\u00edrito Santo (2) e Rio de Janeiro (2). Seu atual presidente \u00e9 Antonio Henrique Habib Carvalho, que tamb\u00e9m preside o Conselho Estadual de Educa\u00e7\u00e3o de Pernambuco &#8211; CEE\/PE.<\/span><\/p>\n<p>Fonte: Depto. Comunica\u00e7\u00e3o da Fundec<\/p>\n","protected":false},"excerpt":{"rendered":"<p>A Fundec sediar\u00e1 o 5\u00ba F\u00f3rum Nacional da Animes e a organiza\u00e7\u00e3o do evento confirma a presen\u00e7a do ex-governador de S\u00e3o Paulo e atual ministro do Empreendedorismo, da Microempresa e da Empresa de Pequeno Porte M\u00e1rcio Fran\u00e7a como palestrante no f\u00f3rum, que ser\u00e1 realizado nos dias 21 e 22 de mar\u00e7o, em Dracena. Nesta manh\u00e3 [&hellip;]<\/p>\n","protected":false},"author":1,"featured_media":84689,"comment_status":"closed","ping_status":"open","sticky":false,"template":"","format":"standard","meta":{"footnotes":""},"categories":[110,122],"tags":[],"class_list":["post-84688","post","type-post","status-publish","format-standard","has-post-thumbnail","hentry","category-noticiasdestaque","category-saudeeducacaoeconcurso"],"_links":{"self":[{"href":"https:\/\/jorgezanoni.com.br\/2019\/wp-json\/wp\/v2\/posts\/84688","targetHints":{"allow":["GET"]}}],"collection":[{"href":"https:\/\/jorgezanoni.com.br\/2019\/wp-json\/wp\/v2\/posts"}],"about":[{"href":"https:\/\/jorgezanoni.com.br\/2019\/wp-json\/wp\/v2\/types\/post"}],"author":[{"embeddable":true,"href":"https:\/\/jorgezanoni.com.br\/2019\/wp-json\/wp\/v2\/users\/1"}],"replies":[{"embeddable":true,"href":"https:\/\/jorgezanoni.com.br\/2019\/wp-json\/wp\/v2\/comments?post=84688"}],"version-history":[{"count":1,"href":"https:\/\/jorgezanoni.com.br\/2019\/wp-json\/wp\/v2\/posts\/84688\/revisions"}],"predecessor-version":[{"id":84691,"href":"https:\/\/jorgezanoni.com.br\/2019\/wp-json\/wp\/v2\/posts\/84688\/revisions\/84691"}],"wp:featuredmedia":[{"embeddable":true,"href":"https:\/\/jorgezanoni.com.br\/2019\/wp-json\/wp\/v2\/media\/84689"}],"wp:attachment":[{"href":"https:\/\/jorgezanoni.com.br\/2019\/wp-json\/wp\/v2\/media?parent=84688"}],"wp:term":[{"taxonomy":"category","embeddable":true,"href":"https:\/\/jorgezanoni.com.br\/2019\/wp-json\/wp\/v2\/categories?post=84688"},{"taxonomy":"post_tag","embeddable":true,"href":"https:\/\/jorgezanoni.com.br\/2019\/wp-json\/wp\/v2\/tags?post=84688"}],"curies":[{"name":"wp","href":"https:\/\/api.w.org\/{rel}","templated":true}]}}