{"id":84681,"date":"2024-02-29T16:54:21","date_gmt":"2024-02-29T16:54:21","guid":{"rendered":"https:\/\/jorgezanoni.com.br\/2019\/?p=84681"},"modified":"2024-02-29T16:54:21","modified_gmt":"2024-02-29T16:54:21","slug":"sicredi-assina-convenio-de-intercooperacao-com-federacao-das-cooperativas-de-poupanca-e-credito-da-costa-rica","status":"publish","type":"post","link":"https:\/\/jorgezanoni.com.br\/2019\/sicredi-assina-convenio-de-intercooperacao-com-federacao-das-cooperativas-de-poupanca-e-credito-da-costa-rica\/","title":{"rendered":"Sicredi assina conv\u00eanio de intercoopera\u00e7\u00e3o com Federa\u00e7\u00e3o das Cooperativas de Poupan\u00e7a e Cr\u00e9dito da Costa Rica"},"content":{"rendered":"<p style=\"text-align: justify;\" align=\"center\"><strong><i>Conv\u00eanio foi firmado por meio do WOCCU- Conselho Mundial de Cooperativas de Cr\u00e9dito &#8211; para compartilhamento de experi\u00eancias entre institui\u00e7\u00f5es.<\/i><\/strong><\/p>\n<p style=\"text-align: justify;\">Com o objetivo de fomentar o interc\u00e2mbio e compartilhamento de boas pr\u00e1ticas de sustentabilidade, o Sicredi assinou acordo de intercoopera\u00e7\u00e3o com a\u00a0Federa\u00e7\u00e3o das Cooperativas de\u00a0Poupan\u00e7a e Cr\u00e9dito da Costa Rica (FEDEAC). O conv\u00eanio foi firmado durante visita da comitiva do pa\u00eds ao Centro Administrativo Sicredi, em Porto Alegre, nesta quinta-feira (22), sendo intermediado pelo Conselho Mundial de Cooperativas de Cr\u00e9dito (WOCCU).<\/p>\n<p style=\"text-align: justify;\">Por meio da parceria, o Sicredi ir\u00e1 compartilhar suas melhores pr\u00e1ticas ESG com a FEDEAC. O intuito \u00e9 que os Comit\u00eas de Sustentabilidade, existentes nas cooperativas do Sicredi em todo o Brasil, sirvam de modelo para a institui\u00e7\u00e3o da Costa Rica.<\/p>\n<p style=\"text-align: justify;\">O conv\u00eanio foi assinado por C\u00e9sar Bochi, diretor-presidente do Banco Cooperativo Sicredi, Manfred Alfonso Dasenbrock, diretor do WOCCU e presidente da Central Sicredi PR\/SP\/RJ, Romeo Balzan, superintendente de Cooperativismo e Sustentabilidade do Sicredi, e por Adri\u00e1n Rodriguez, diretor da FEDEAC.<\/p>\n<p style=\"text-align: justify;\">&#8220;A intercoopera\u00e7\u00e3o \u00e9 um dos princ\u00edpios do cooperativismo e estamos muito felizes em estabelecer esse interc\u00e2mbio com a FEDEAC, visto que a troca de conhecimento \u00e9 fundamental para a gera\u00e7\u00e3o de aprendizados para ambas as institui\u00e7\u00f5es. Saliento o importante papel do Conselho Mundial das Cooperativas de Cr\u00e9dito no estabelecimento de mais este interc\u00e2mbio, fundamental para o fortalecimento do cooperativismo de cr\u00e9dito no mundo&#8221;, afirma Manfred Dasenbrock.<\/p>\n<p style=\"text-align: justify;\">&#8220;Inicialmente, as cooperativas atuavam de forma individual, mas entendemos a import\u00e2ncia de fomentar a coopera\u00e7\u00e3o entre as institui\u00e7\u00f5es. As boas pr\u00e1ticas do Sicredi ser\u00e3o muito importantes para nos ajudar a evoluir, por isso estamos muito felizes com este acordo de intercoopera\u00e7\u00e3o&#8221;, complementa Adri\u00e1n Rodriguez.<\/p>\n<p style=\"text-align: justify;\">A FEDEAC foi criada em 1999 com o objetivo de defender os interesses das Cooperativas de Poupan\u00e7a e Cr\u00e9dito da Costa Rica e para consolidar um movimento que representasse o setor nacional e internacional. Atualmente, a Federa\u00e7\u00e3o representa os interesses de 14 cooperativas associadas.<\/p>\n<p style=\"text-align: justify;\"><strong>Sobre o Sicredi<\/strong><\/p>\n<p class=\"v1MsoNormal\" style=\"text-align: justify;\"><i>O Sicredi \u00e9 uma institui\u00e7\u00e3o financeira cooperativa comprometida com o crescimento de seus associados e com o desenvolvimento das regi\u00f5es onde atua. Possui um modelo de gest\u00e3o que valoriza a participa\u00e7\u00e3o dos mais de 7 milh\u00f5es de associados, que exercem o papel de donos do neg\u00f3cio. Com mais de 2.500 ag\u00eancias, o Sicredi est\u00e1 presente fisicamente em todos os estados brasileiros e no Distrito Federal, disponibilizando uma gama completa de solu\u00e7\u00f5es financeiras e n\u00e3o financeiras.<\/i><\/p>\n<p class=\"v1MsoNormal\"><b><i>Site do Sicredi:\u00a0<a href=\"http:\/\/www.sicredi.com.br\/\" target=\"_blank\" rel=\"noopener noreferrer\">www.sicredi.com.br<\/a><\/i><\/b><\/p>\n<p class=\"v1MsoNormal\"><b><i>Redes Sociais:\u00a0<\/i><\/b><em><b><u><span lang=\"EN-US\"><a href=\"http:\/\/www.facebook.com\/sicredicentrooestepaulista\" target=\"_blank\" rel=\"noopener noreferrer\"><i><span lang=\"PT-BR\">Facebook<\/span><\/i><\/a><\/span><\/u><\/b><\/em><em>\u00a0|<\/em>\u00a0<em><b><u><span lang=\"EN-US\"><a href=\"https:\/\/www.linkedin.com\/company\/sicredi-centro-oeste-paulista\/\" target=\"_blank\" rel=\"noopener noreferrer\"><i><span lang=\"PT-BR\">LinkedIn<\/span><\/i><\/a><\/span><\/u><\/b><\/em><em>\u00a0|<\/em>\u00a0<em><b><u><span lang=\"EN-US\"><a href=\"http:\/\/www.youtube.com\/sicredicentrooestepaulista\" target=\"_blank\" rel=\"noopener noreferrer\"><i><span lang=\"PT-BR\">YouTube<\/span><\/i><\/a><\/span><\/u><\/b><\/em><span lang=\"EN-US\">\u00a0<\/span><em>|\u00a0<\/em><em><b><u><span lang=\"EN-US\"><a href=\"http:\/\/www.instagram.com\/sicredicentrooestepaulista\" target=\"_blank\" rel=\"noopener noreferrer\"><i><span lang=\"PT-BR\">Instagram<\/span><\/i><\/a><\/span><\/u><\/b><\/em><\/p>\n<p>Fonte: Comunica\u00e7\u00e3o e Marketing<\/p>\n","protected":false},"excerpt":{"rendered":"<p>Conv\u00eanio foi firmado por meio do WOCCU- Conselho Mundial de Cooperativas de Cr\u00e9dito &#8211; para compartilhamento de experi\u00eancias entre institui\u00e7\u00f5es. Com o objetivo de fomentar o interc\u00e2mbio e compartilhamento de boas pr\u00e1ticas de sustentabilidade, o Sicredi assinou acordo de intercoopera\u00e7\u00e3o com a\u00a0Federa\u00e7\u00e3o das Cooperativas de\u00a0Poupan\u00e7a e Cr\u00e9dito da Costa Rica (FEDEAC). O conv\u00eanio foi firmado [&hellip;]<\/p>\n","protected":false},"author":1,"featured_media":84682,"comment_status":"closed","ping_status":"open","sticky":false,"template":"","format":"standard","meta":{"footnotes":""},"categories":[110,116],"tags":[],"class_list":["post-84681","post","type-post","status-publish","format-standard","has-post-thumbnail","hentry","category-noticiasdestaque","category-politicaeeconomia"],"_links":{"self":[{"href":"https:\/\/jorgezanoni.com.br\/2019\/wp-json\/wp\/v2\/posts\/84681","targetHints":{"allow":["GET"]}}],"collection":[{"href":"https:\/\/jorgezanoni.com.br\/2019\/wp-json\/wp\/v2\/posts"}],"about":[{"href":"https:\/\/jorgezanoni.com.br\/2019\/wp-json\/wp\/v2\/types\/post"}],"author":[{"embeddable":true,"href":"https:\/\/jorgezanoni.com.br\/2019\/wp-json\/wp\/v2\/users\/1"}],"replies":[{"embeddable":true,"href":"https:\/\/jorgezanoni.com.br\/2019\/wp-json\/wp\/v2\/comments?post=84681"}],"version-history":[{"count":1,"href":"https:\/\/jorgezanoni.com.br\/2019\/wp-json\/wp\/v2\/posts\/84681\/revisions"}],"predecessor-version":[{"id":84683,"href":"https:\/\/jorgezanoni.com.br\/2019\/wp-json\/wp\/v2\/posts\/84681\/revisions\/84683"}],"wp:featuredmedia":[{"embeddable":true,"href":"https:\/\/jorgezanoni.com.br\/2019\/wp-json\/wp\/v2\/media\/84682"}],"wp:attachment":[{"href":"https:\/\/jorgezanoni.com.br\/2019\/wp-json\/wp\/v2\/media?parent=84681"}],"wp:term":[{"taxonomy":"category","embeddable":true,"href":"https:\/\/jorgezanoni.com.br\/2019\/wp-json\/wp\/v2\/categories?post=84681"},{"taxonomy":"post_tag","embeddable":true,"href":"https:\/\/jorgezanoni.com.br\/2019\/wp-json\/wp\/v2\/tags?post=84681"}],"curies":[{"name":"wp","href":"https:\/\/api.w.org\/{rel}","templated":true}]}}