{"id":84677,"date":"2024-02-29T16:48:45","date_gmt":"2024-02-29T16:48:45","guid":{"rendered":"https:\/\/jorgezanoni.com.br\/2019\/?p=84677"},"modified":"2024-02-29T16:48:45","modified_gmt":"2024-02-29T16:48:45","slug":"policia-militar-prende-homem-por-trafico-de-drogas-em-dracena-14","status":"publish","type":"post","link":"https:\/\/jorgezanoni.com.br\/2019\/policia-militar-prende-homem-por-trafico-de-drogas-em-dracena-14\/","title":{"rendered":"Pol\u00edcia Militar prende homem por Tr\u00e1fico de Drogas em Dracena"},"content":{"rendered":"<p style=\"text-align: justify;\">Na noite de ontem (29) por volta das 00h25min policiais militares do 25\u00ba Batalh\u00e3o de Pol\u00edcia Militar do Interior em Dracena, a equipe realizava um ponto de estacionamento na rua A\u00e9cio de F\u00e9o Flora, cruzamento com avenida Presidente Roosevelt sendo visualizada a motocicleta e quando o condutor visualizou a equipe policial, tentou fugir, mas acabou desequilibrando e desligando a motocicleta.<br \/>\nFoi realizado a abordagem, momento em que o condutor soltou duas por\u00e7\u00f5es grandes de crack no ch\u00e3o, que confessou ter ido buscar em um bairro de Dracena e iria levar para a cidade de Pacaembu e que receberia o valor de R$ 500,00 pela droga. Foi dado voz de pris\u00e3o e conduzido ao Plant\u00e3o Policial de Dracena, ficando preso pelo crime de tr\u00e1fico de drogas.<br \/>\nA motocicleta foi apreendida.<\/p>\n<p>Fonte: Com. Social Pol\u00edcia Militar<\/p>\n","protected":false},"excerpt":{"rendered":"<p>Na noite de ontem (29) por volta das 00h25min policiais militares do 25\u00ba Batalh\u00e3o de Pol\u00edcia Militar do Interior em Dracena, a equipe realizava um ponto de estacionamento na rua A\u00e9cio de F\u00e9o Flora, cruzamento com avenida Presidente Roosevelt sendo visualizada a motocicleta e quando o condutor visualizou a equipe policial, tentou fugir, mas acabou [&hellip;]<\/p>\n","protected":false},"author":1,"featured_media":84679,"comment_status":"closed","ping_status":"open","sticky":false,"template":"","format":"standard","meta":{"footnotes":""},"categories":[110,2],"tags":[],"class_list":["post-84677","post","type-post","status-publish","format-standard","has-post-thumbnail","hentry","category-noticiasdestaque","category-policial"],"_links":{"self":[{"href":"https:\/\/jorgezanoni.com.br\/2019\/wp-json\/wp\/v2\/posts\/84677","targetHints":{"allow":["GET"]}}],"collection":[{"href":"https:\/\/jorgezanoni.com.br\/2019\/wp-json\/wp\/v2\/posts"}],"about":[{"href":"https:\/\/jorgezanoni.com.br\/2019\/wp-json\/wp\/v2\/types\/post"}],"author":[{"embeddable":true,"href":"https:\/\/jorgezanoni.com.br\/2019\/wp-json\/wp\/v2\/users\/1"}],"replies":[{"embeddable":true,"href":"https:\/\/jorgezanoni.com.br\/2019\/wp-json\/wp\/v2\/comments?post=84677"}],"version-history":[{"count":1,"href":"https:\/\/jorgezanoni.com.br\/2019\/wp-json\/wp\/v2\/posts\/84677\/revisions"}],"predecessor-version":[{"id":84680,"href":"https:\/\/jorgezanoni.com.br\/2019\/wp-json\/wp\/v2\/posts\/84677\/revisions\/84680"}],"wp:featuredmedia":[{"embeddable":true,"href":"https:\/\/jorgezanoni.com.br\/2019\/wp-json\/wp\/v2\/media\/84679"}],"wp:attachment":[{"href":"https:\/\/jorgezanoni.com.br\/2019\/wp-json\/wp\/v2\/media?parent=84677"}],"wp:term":[{"taxonomy":"category","embeddable":true,"href":"https:\/\/jorgezanoni.com.br\/2019\/wp-json\/wp\/v2\/categories?post=84677"},{"taxonomy":"post_tag","embeddable":true,"href":"https:\/\/jorgezanoni.com.br\/2019\/wp-json\/wp\/v2\/tags?post=84677"}],"curies":[{"name":"wp","href":"https:\/\/api.w.org\/{rel}","templated":true}]}}