{"id":84674,"date":"2024-02-29T16:40:37","date_gmt":"2024-02-29T16:40:37","guid":{"rendered":"https:\/\/jorgezanoni.com.br\/2019\/?p=84674"},"modified":"2024-02-29T16:40:37","modified_gmt":"2024-02-29T16:40:37","slug":"policia-militar-em-acao-de-forca-tatica-captura-homem-procurado-pela-interpol-em-dracena","status":"publish","type":"post","link":"https:\/\/jorgezanoni.com.br\/2019\/policia-militar-em-acao-de-forca-tatica-captura-homem-procurado-pela-interpol-em-dracena\/","title":{"rendered":"Pol\u00edcia Militar em a\u00e7\u00e3o de for\u00e7a t\u00e1tica captura homem procurado pela Interpol em Dracena"},"content":{"rendered":"<p style=\"text-align: justify;\">Na data de ontem (28) policiais militares do 25\u00b0 Batalh\u00e3o de Pol\u00edcia Militar do Interior ap\u00f3s terem conhecimento atraves de den\u00fancias aos proprios policiais sobre um indiv\u00edduo possivelmente estaria procurado pelo crime de estupro no pa\u00eds vizinho, Paraguai, e este encontrava-se homiziado no Brasil, mais precisamente na cidade de Dracena.<br \/>\nDiante de tais informa\u00e7\u00f5es, foram feitos varios contatos via Policia Federal e na data de hoje ficou constatado que indiv\u00edduo constava na difus\u00e3o vermelha(red notice) da INTERPOL com mandado de prisao via Supremo Tribunal Federal em m\u00e3os, a equipe logrou exito em localizar e prender o indiv\u00edduo na area central de Dracena. Na sequencia o homem 29 anos foi levado para a Delegacia da Policia Federal de Ara\u00e7atuba onde permaneceu preso a disposi\u00e7\u00e3o da Justi\u00e7a.<\/p>\n<p>Fonte: Com. Social Pol\u00edcia Militar<\/p>\n","protected":false},"excerpt":{"rendered":"<p>Na data de ontem (28) policiais militares do 25\u00b0 Batalh\u00e3o de Pol\u00edcia Militar do Interior ap\u00f3s terem conhecimento atraves de den\u00fancias aos proprios policiais sobre um indiv\u00edduo possivelmente estaria procurado pelo crime de estupro no pa\u00eds vizinho, Paraguai, e este encontrava-se homiziado no Brasil, mais precisamente na cidade de Dracena. Diante de tais informa\u00e7\u00f5es, foram [&hellip;]<\/p>\n","protected":false},"author":1,"featured_media":84675,"comment_status":"closed","ping_status":"open","sticky":false,"template":"","format":"standard","meta":{"footnotes":""},"categories":[110,2],"tags":[],"class_list":["post-84674","post","type-post","status-publish","format-standard","has-post-thumbnail","hentry","category-noticiasdestaque","category-policial"],"_links":{"self":[{"href":"https:\/\/jorgezanoni.com.br\/2019\/wp-json\/wp\/v2\/posts\/84674","targetHints":{"allow":["GET"]}}],"collection":[{"href":"https:\/\/jorgezanoni.com.br\/2019\/wp-json\/wp\/v2\/posts"}],"about":[{"href":"https:\/\/jorgezanoni.com.br\/2019\/wp-json\/wp\/v2\/types\/post"}],"author":[{"embeddable":true,"href":"https:\/\/jorgezanoni.com.br\/2019\/wp-json\/wp\/v2\/users\/1"}],"replies":[{"embeddable":true,"href":"https:\/\/jorgezanoni.com.br\/2019\/wp-json\/wp\/v2\/comments?post=84674"}],"version-history":[{"count":1,"href":"https:\/\/jorgezanoni.com.br\/2019\/wp-json\/wp\/v2\/posts\/84674\/revisions"}],"predecessor-version":[{"id":84676,"href":"https:\/\/jorgezanoni.com.br\/2019\/wp-json\/wp\/v2\/posts\/84674\/revisions\/84676"}],"wp:featuredmedia":[{"embeddable":true,"href":"https:\/\/jorgezanoni.com.br\/2019\/wp-json\/wp\/v2\/media\/84675"}],"wp:attachment":[{"href":"https:\/\/jorgezanoni.com.br\/2019\/wp-json\/wp\/v2\/media?parent=84674"}],"wp:term":[{"taxonomy":"category","embeddable":true,"href":"https:\/\/jorgezanoni.com.br\/2019\/wp-json\/wp\/v2\/categories?post=84674"},{"taxonomy":"post_tag","embeddable":true,"href":"https:\/\/jorgezanoni.com.br\/2019\/wp-json\/wp\/v2\/tags?post=84674"}],"curies":[{"name":"wp","href":"https:\/\/api.w.org\/{rel}","templated":true}]}}