{"id":84659,"date":"2024-02-28T11:55:49","date_gmt":"2024-02-28T11:55:49","guid":{"rendered":"https:\/\/jorgezanoni.com.br\/2019\/?p=84659"},"modified":"2024-02-28T11:55:49","modified_gmt":"2024-02-28T11:55:49","slug":"acidente-sem-vitimas-foi-registrado-no-bairro-metropole-na-noite-de-ontem-27","status":"publish","type":"post","link":"https:\/\/jorgezanoni.com.br\/2019\/acidente-sem-vitimas-foi-registrado-no-bairro-metropole-na-noite-de-ontem-27\/","title":{"rendered":"Acidente sem vitimas foi registrado no Bairro Metr\u00f3pole na noite de ontem (27)"},"content":{"rendered":"<p style=\"text-align: justify;\"><strong>Duas condutoras envolvidas no acidente que estavam sozinhas nos ve\u00edculos, n\u00e3o sofreram ferimentos.<\/strong><\/p>\n<p>No in\u00edcio da noite de ontem colidiram um ve\u00edculo Fox placas de Irapuru e um Prisma placas mercosul sendo a condutora de Dracena.<\/p>\n<p>Segundo informa\u00e7\u00f5es obtidas no local pela reportagem do SITE JZ e TOP TV, o Fox fazia o sentido centro-bairro pela Rua Joaquina Maria Andr\u00e9 e n\u00e3o teria obedecido o sinal de Pare, batendo contra o Prisma que fazia o sentido Av. Washington Luz \u00e0 Avenida Jos\u00e9 Bonif\u00e1cio, pela Avenida Vit\u00f3ria.<\/p>\n<p>A batida foi forte, houve danos de regular monta, mas felizmente ningu\u00e9m ficou ferido.<\/p>\n<p>A Pol\u00edcia Militar compareceu ao local para o registro do B.O.<\/p>\n<p><img loading=\"lazy\" decoding=\"async\" class=\"alignnone size-full wp-image-84660\" src=\"https:\/\/jorgezanoni.com.br\/2019\/wp-content\/uploads\/2024\/02\/IMG_9006-Pequeno.jpg\" alt=\"\" width=\"640\" height=\"480\" srcset=\"https:\/\/jorgezanoni.com.br\/2019\/wp-content\/uploads\/2024\/02\/IMG_9006-Pequeno.jpg 640w, https:\/\/jorgezanoni.com.br\/2019\/wp-content\/uploads\/2024\/02\/IMG_9006-Pequeno-300x225.jpg 300w, https:\/\/jorgezanoni.com.br\/2019\/wp-content\/uploads\/2024\/02\/IMG_9006-Pequeno-80x60.jpg 80w, https:\/\/jorgezanoni.com.br\/2019\/wp-content\/uploads\/2024\/02\/IMG_9006-Pequeno-265x198.jpg 265w, https:\/\/jorgezanoni.com.br\/2019\/wp-content\/uploads\/2024\/02\/IMG_9006-Pequeno-560x420.jpg 560w\" sizes=\"auto, (max-width: 640px) 100vw, 640px\" \/> <img loading=\"lazy\" decoding=\"async\" class=\"alignnone size-full wp-image-84661\" src=\"https:\/\/jorgezanoni.com.br\/2019\/wp-content\/uploads\/2024\/02\/IMG_9007-Pequeno.jpg\" alt=\"\" width=\"640\" height=\"480\" srcset=\"https:\/\/jorgezanoni.com.br\/2019\/wp-content\/uploads\/2024\/02\/IMG_9007-Pequeno.jpg 640w, https:\/\/jorgezanoni.com.br\/2019\/wp-content\/uploads\/2024\/02\/IMG_9007-Pequeno-300x225.jpg 300w, https:\/\/jorgezanoni.com.br\/2019\/wp-content\/uploads\/2024\/02\/IMG_9007-Pequeno-80x60.jpg 80w, https:\/\/jorgezanoni.com.br\/2019\/wp-content\/uploads\/2024\/02\/IMG_9007-Pequeno-265x198.jpg 265w, https:\/\/jorgezanoni.com.br\/2019\/wp-content\/uploads\/2024\/02\/IMG_9007-Pequeno-560x420.jpg 560w\" sizes=\"auto, (max-width: 640px) 100vw, 640px\" \/> <img loading=\"lazy\" decoding=\"async\" class=\"alignnone size-full wp-image-84663\" src=\"https:\/\/jorgezanoni.com.br\/2019\/wp-content\/uploads\/2024\/02\/IMG_9009-Pequeno.jpg\" alt=\"\" width=\"640\" height=\"480\" srcset=\"https:\/\/jorgezanoni.com.br\/2019\/wp-content\/uploads\/2024\/02\/IMG_9009-Pequeno.jpg 640w, https:\/\/jorgezanoni.com.br\/2019\/wp-content\/uploads\/2024\/02\/IMG_9009-Pequeno-300x225.jpg 300w, https:\/\/jorgezanoni.com.br\/2019\/wp-content\/uploads\/2024\/02\/IMG_9009-Pequeno-80x60.jpg 80w, https:\/\/jorgezanoni.com.br\/2019\/wp-content\/uploads\/2024\/02\/IMG_9009-Pequeno-265x198.jpg 265w, https:\/\/jorgezanoni.com.br\/2019\/wp-content\/uploads\/2024\/02\/IMG_9009-Pequeno-560x420.jpg 560w\" sizes=\"auto, (max-width: 640px) 100vw, 640px\" \/><\/p>\n<p>Jorge Zanoni<\/p>\n","protected":false},"excerpt":{"rendered":"<p>Duas condutoras envolvidas no acidente que estavam sozinhas nos ve\u00edculos, n\u00e3o sofreram ferimentos. No in\u00edcio da noite de ontem colidiram um ve\u00edculo Fox placas de Irapuru e um Prisma placas mercosul sendo a condutora de Dracena. Segundo informa\u00e7\u00f5es obtidas no local pela reportagem do SITE JZ e TOP TV, o Fox fazia o sentido centro-bairro [&hellip;]<\/p>\n","protected":false},"author":1,"featured_media":84662,"comment_status":"closed","ping_status":"open","sticky":false,"template":"","format":"standard","meta":{"footnotes":""},"categories":[170,110],"tags":[],"class_list":["post-84659","post","type-post","status-publish","format-standard","has-post-thumbnail","hentry","category-acidentes","category-noticiasdestaque"],"_links":{"self":[{"href":"https:\/\/jorgezanoni.com.br\/2019\/wp-json\/wp\/v2\/posts\/84659","targetHints":{"allow":["GET"]}}],"collection":[{"href":"https:\/\/jorgezanoni.com.br\/2019\/wp-json\/wp\/v2\/posts"}],"about":[{"href":"https:\/\/jorgezanoni.com.br\/2019\/wp-json\/wp\/v2\/types\/post"}],"author":[{"embeddable":true,"href":"https:\/\/jorgezanoni.com.br\/2019\/wp-json\/wp\/v2\/users\/1"}],"replies":[{"embeddable":true,"href":"https:\/\/jorgezanoni.com.br\/2019\/wp-json\/wp\/v2\/comments?post=84659"}],"version-history":[{"count":1,"href":"https:\/\/jorgezanoni.com.br\/2019\/wp-json\/wp\/v2\/posts\/84659\/revisions"}],"predecessor-version":[{"id":84664,"href":"https:\/\/jorgezanoni.com.br\/2019\/wp-json\/wp\/v2\/posts\/84659\/revisions\/84664"}],"wp:featuredmedia":[{"embeddable":true,"href":"https:\/\/jorgezanoni.com.br\/2019\/wp-json\/wp\/v2\/media\/84662"}],"wp:attachment":[{"href":"https:\/\/jorgezanoni.com.br\/2019\/wp-json\/wp\/v2\/media?parent=84659"}],"wp:term":[{"taxonomy":"category","embeddable":true,"href":"https:\/\/jorgezanoni.com.br\/2019\/wp-json\/wp\/v2\/categories?post=84659"},{"taxonomy":"post_tag","embeddable":true,"href":"https:\/\/jorgezanoni.com.br\/2019\/wp-json\/wp\/v2\/tags?post=84659"}],"curies":[{"name":"wp","href":"https:\/\/api.w.org\/{rel}","templated":true}]}}