{"id":84617,"date":"2024-02-26T11:51:19","date_gmt":"2024-02-26T11:51:19","guid":{"rendered":"https:\/\/jorgezanoni.com.br\/2019\/?p=84617"},"modified":"2024-02-26T11:51:19","modified_gmt":"2024-02-26T11:51:19","slug":"policia-militar-prende-homem-em-flagrante-por-trafico-de-drogas-em-dracena-5","status":"publish","type":"post","link":"https:\/\/jorgezanoni.com.br\/2019\/policia-militar-prende-homem-em-flagrante-por-trafico-de-drogas-em-dracena-5\/","title":{"rendered":"Pol\u00edcia Militar prende homem em flagrante por Tr\u00e1fico de Drogas em Dracena"},"content":{"rendered":"<p style=\"text-align: justify;\">Neste s\u00e1bado (24) os policiais da For\u00e7a T\u00e1tica do 25\u00ba Batalh\u00e3o de Pol\u00edcia Militar do Interior, prenderam em homem em flagrante por tr\u00e1fico de drogas em Dracena.<br \/>\nA equipe realizava o patrulhamento pela rua Irradia\u00e7\u00e3o no munic\u00edpio de Dracena, quando visualizaram um homem (25 anos), que ao avistar a equipe adentrou correndo a resid\u00eancia, dispensando uma por\u00e7\u00e3o de maconha que segurava em m\u00e3os, e em ato continuo a equipe adentou a resid\u00eancia em seu encal\u00e7o, sendo abordado e indagado sobre a droga dispensada, declarou que era para fins que iria vender a drogas, e que havia mais dois tijolos e outras cinco por\u00e7\u00f5es da mesma droga escondidas no im\u00f3vel informando o local onde estas estavam. Diante dos fatos foi dada voz de pris\u00e3o em flagrante ao indiv\u00edduo, e conduzido ao Plant\u00e3o de Pol\u00edcia Judici\u00e1ria de Dracena, onde permaneceu preso \u00e0 disposi\u00e7\u00e3o da Justi\u00e7a.<\/p>\n<p>Fonte: Com. Social Pol\u00edcia Militar<\/p>\n","protected":false},"excerpt":{"rendered":"<p>Neste s\u00e1bado (24) os policiais da For\u00e7a T\u00e1tica do 25\u00ba Batalh\u00e3o de Pol\u00edcia Militar do Interior, prenderam em homem em flagrante por tr\u00e1fico de drogas em Dracena. A equipe realizava o patrulhamento pela rua Irradia\u00e7\u00e3o no munic\u00edpio de Dracena, quando visualizaram um homem (25 anos), que ao avistar a equipe adentrou correndo a resid\u00eancia, dispensando [&hellip;]<\/p>\n","protected":false},"author":1,"featured_media":84618,"comment_status":"closed","ping_status":"open","sticky":false,"template":"","format":"standard","meta":{"footnotes":""},"categories":[110,2],"tags":[],"class_list":["post-84617","post","type-post","status-publish","format-standard","has-post-thumbnail","hentry","category-noticiasdestaque","category-policial"],"_links":{"self":[{"href":"https:\/\/jorgezanoni.com.br\/2019\/wp-json\/wp\/v2\/posts\/84617","targetHints":{"allow":["GET"]}}],"collection":[{"href":"https:\/\/jorgezanoni.com.br\/2019\/wp-json\/wp\/v2\/posts"}],"about":[{"href":"https:\/\/jorgezanoni.com.br\/2019\/wp-json\/wp\/v2\/types\/post"}],"author":[{"embeddable":true,"href":"https:\/\/jorgezanoni.com.br\/2019\/wp-json\/wp\/v2\/users\/1"}],"replies":[{"embeddable":true,"href":"https:\/\/jorgezanoni.com.br\/2019\/wp-json\/wp\/v2\/comments?post=84617"}],"version-history":[{"count":1,"href":"https:\/\/jorgezanoni.com.br\/2019\/wp-json\/wp\/v2\/posts\/84617\/revisions"}],"predecessor-version":[{"id":84619,"href":"https:\/\/jorgezanoni.com.br\/2019\/wp-json\/wp\/v2\/posts\/84617\/revisions\/84619"}],"wp:featuredmedia":[{"embeddable":true,"href":"https:\/\/jorgezanoni.com.br\/2019\/wp-json\/wp\/v2\/media\/84618"}],"wp:attachment":[{"href":"https:\/\/jorgezanoni.com.br\/2019\/wp-json\/wp\/v2\/media?parent=84617"}],"wp:term":[{"taxonomy":"category","embeddable":true,"href":"https:\/\/jorgezanoni.com.br\/2019\/wp-json\/wp\/v2\/categories?post=84617"},{"taxonomy":"post_tag","embeddable":true,"href":"https:\/\/jorgezanoni.com.br\/2019\/wp-json\/wp\/v2\/tags?post=84617"}],"curies":[{"name":"wp","href":"https:\/\/api.w.org\/{rel}","templated":true}]}}