{"id":84583,"date":"2024-02-24T16:32:50","date_gmt":"2024-02-24T16:32:50","guid":{"rendered":"https:\/\/jorgezanoni.com.br\/2019\/?p=84583"},"modified":"2024-02-24T16:32:50","modified_gmt":"2024-02-24T16:32:50","slug":"o-que-e-sindrome-de-truman-por-cidinha-pascoaloto","status":"publish","type":"post","link":"https:\/\/jorgezanoni.com.br\/2019\/o-que-e-sindrome-de-truman-por-cidinha-pascoaloto\/","title":{"rendered":"O que \u00e9 s\u00edndrome de Truman?  (por Cidinha Pascoaloto)"},"content":{"rendered":"<p style=\"text-align: justify;\">A S\u00edndrome de Truman\u00a0\u00e9 uma condi\u00e7\u00e3o cl\u00ednica e rara que pode acometer pessoas comuns\u00a0em que uma pessoa pensa estar mergulhada em um espet\u00e1culo e ela \u00e9 um her\u00f3i. Muitas vezes enxergam e ouvem coisas que as pessoas ao seu redor n\u00e3o percebem e vivem em uma realidade distorcida.<\/p>\n<p style=\"text-align: justify;\">\u00a0O paciente acredita que sua vida \u00e9 uma s\u00e9rie de televis\u00e3o pensa que est\u00e1 sendo vista por todos atrav\u00e9s de c\u00e2meras e que as pessoas a sua volta fazem parte de uma plateia e que existe um interesse p\u00fablico para sua vida. A pessoa pode at\u00e9 acreditar que \u00e9 gravado 24 horas por dia. A origem exata da s\u00edndrome ainda n\u00e3o \u00e9 compreendida, mas acredita-se que ela pode estar relacionada a doen\u00e7as mentais como: Transtorno de\u00a0ansiedade\u00a0generalizada; Transtorno de personalidade; Esquizofrenia; Transtorno bipolar e Transtorno de Borderline. Essa condi\u00e7\u00e3o pode ser um sintoma inicial de esquizofrenia, mas tamb\u00e9m pode acontecer no transtorno bipolar, principalmente em quadros que s\u00e3o acompanhados de sintomas psic\u00f3ticos, como del\u00edrios e alucina\u00e7\u00f5es, al\u00e9m de poder estar associado a transtorno psic\u00f3tico por abuso de subst\u00e2ncias, como coca\u00edna e anfetamina.<\/p>\n<p style=\"text-align: justify;\">O diagn\u00f3stico do transtorno deve ser feito por um m\u00e9dico psiquiatra. O tratamento pode incluir medica\u00e7\u00e3o, terapia cognitiva-comportamental e terapia ocupacional. Existem duas maneiras em que a s\u00edndrome pode se manifestar, tanto f\u00edsica como emocional de forma muito sutil ou intensa. O paciente pode apresentar irritabilidade, ficar tenso, ter dor no peito, ter falta de ar e ins\u00f4nia. Os del\u00edrios podem ser auditivos e visuais acompanhados cren\u00e7as de possuir dons, habilidades excepcionais, riqueza ou muita fama. Existem alguns fatores de risco para se desenvolver a s\u00edndrome de Truman como pr\u00e9-disposi\u00e7\u00e3o gen\u00e9tica e transtornos psiqui\u00e1tricos. Se o indiv\u00edduo viveu situa\u00e7\u00f5es de abuso e descuidos na inf\u00e2ncia, tamb\u00e9m podem influenciar para o desenvolvimento da s\u00edndrome. O suporte emocional dos familiares e amigos podem desempenhar um papel significativo na melhoria da qualidade de vida do paciente.<\/p>\n<p><img loading=\"lazy\" decoding=\"async\" class=\"alignnone size-full wp-image-84584\" src=\"https:\/\/jorgezanoni.com.br\/2019\/wp-content\/uploads\/2024\/02\/Cidinha-Pascoaloto-3.jpg\" alt=\"\" width=\"500\" height=\"755\" srcset=\"https:\/\/jorgezanoni.com.br\/2019\/wp-content\/uploads\/2024\/02\/Cidinha-Pascoaloto-3.jpg 500w, https:\/\/jorgezanoni.com.br\/2019\/wp-content\/uploads\/2024\/02\/Cidinha-Pascoaloto-3-199x300.jpg 199w, https:\/\/jorgezanoni.com.br\/2019\/wp-content\/uploads\/2024\/02\/Cidinha-Pascoaloto-3-278x420.jpg 278w\" sizes=\"auto, (max-width: 500px) 100vw, 500px\" \/>Cidinha Pascoaloto-Psic\u00f3loga, com foco no luto CRP 06\/158174. Presencial e online, contato: (18) 99725-6418<\/p>\n<p>&nbsp;<\/p>\n<p>&nbsp;<\/p>\n","protected":false},"excerpt":{"rendered":"<p>A S\u00edndrome de Truman\u00a0\u00e9 uma condi\u00e7\u00e3o cl\u00ednica e rara que pode acometer pessoas comuns\u00a0em que uma pessoa pensa estar mergulhada em um espet\u00e1culo e ela \u00e9 um her\u00f3i. Muitas vezes enxergam e ouvem coisas que as pessoas ao seu redor n\u00e3o percebem e vivem em uma realidade distorcida. \u00a0O paciente acredita que sua vida \u00e9 [&hellip;]<\/p>\n","protected":false},"author":1,"featured_media":84585,"comment_status":"closed","ping_status":"open","sticky":false,"template":"","format":"standard","meta":{"footnotes":""},"categories":[175],"tags":[],"class_list":["post-84583","post","type-post","status-publish","format-standard","has-post-thumbnail","hentry","category-artigos"],"_links":{"self":[{"href":"https:\/\/jorgezanoni.com.br\/2019\/wp-json\/wp\/v2\/posts\/84583","targetHints":{"allow":["GET"]}}],"collection":[{"href":"https:\/\/jorgezanoni.com.br\/2019\/wp-json\/wp\/v2\/posts"}],"about":[{"href":"https:\/\/jorgezanoni.com.br\/2019\/wp-json\/wp\/v2\/types\/post"}],"author":[{"embeddable":true,"href":"https:\/\/jorgezanoni.com.br\/2019\/wp-json\/wp\/v2\/users\/1"}],"replies":[{"embeddable":true,"href":"https:\/\/jorgezanoni.com.br\/2019\/wp-json\/wp\/v2\/comments?post=84583"}],"version-history":[{"count":1,"href":"https:\/\/jorgezanoni.com.br\/2019\/wp-json\/wp\/v2\/posts\/84583\/revisions"}],"predecessor-version":[{"id":84586,"href":"https:\/\/jorgezanoni.com.br\/2019\/wp-json\/wp\/v2\/posts\/84583\/revisions\/84586"}],"wp:featuredmedia":[{"embeddable":true,"href":"https:\/\/jorgezanoni.com.br\/2019\/wp-json\/wp\/v2\/media\/84585"}],"wp:attachment":[{"href":"https:\/\/jorgezanoni.com.br\/2019\/wp-json\/wp\/v2\/media?parent=84583"}],"wp:term":[{"taxonomy":"category","embeddable":true,"href":"https:\/\/jorgezanoni.com.br\/2019\/wp-json\/wp\/v2\/categories?post=84583"},{"taxonomy":"post_tag","embeddable":true,"href":"https:\/\/jorgezanoni.com.br\/2019\/wp-json\/wp\/v2\/tags?post=84583"}],"curies":[{"name":"wp","href":"https:\/\/api.w.org\/{rel}","templated":true}]}}