{"id":84558,"date":"2024-02-22T22:39:50","date_gmt":"2024-02-22T22:39:50","guid":{"rendered":"https:\/\/jorgezanoni.com.br\/2019\/?p=84558"},"modified":"2024-02-22T22:41:02","modified_gmt":"2024-02-22T22:41:02","slug":"policia-civil-prende-em-flagrante-homem-suspeito-de-praticar-venda-de-drogas-na-antiga-estacao-ferroviaria-de-dracena","status":"publish","type":"post","link":"https:\/\/jorgezanoni.com.br\/2019\/policia-civil-prende-em-flagrante-homem-suspeito-de-praticar-venda-de-drogas-na-antiga-estacao-ferroviaria-de-dracena\/","title":{"rendered":"Pol\u00edcia Civil prende em flagrante homem suspeito de praticar venda de Drogas na antiga esta\u00e7\u00e3o ferrovi\u00e1ria de Dracena"},"content":{"rendered":"<p style=\"text-align: justify;\">A Pol\u00edcia Civil, por interm\u00e9dio das Unidades Especializadas &#8211; DIG\/DISE, efetuou nesta quinta-feira (22) a pris\u00e3o em flagrante de um homem de 45 anos por praticar o crime de tr\u00e1fico de drogas. O suspeito \u00e9 acusado de promover o com\u00e9rcio das subst\u00e2ncias entorpecentes de dentro de um c\u00f4modo pertencente \u00e0 esta\u00e7\u00e3o de trem que est\u00e1 desativada, em Dracena (SP).<br \/>\nA a\u00e7\u00e3o policial foi resultado de um trabalho investigativo conduzido por agentes das Unidades Especializadas, devido ao aumento do fluxo de dependentes qu\u00edmicos que passaram a frequentar o entorno da \u00e1rea da linha f\u00e9rrea, bem como o interior da esta\u00e7\u00e3o de trem em busca de adquirir drogas e ali tamb\u00e9m permanecer para fazer o uso do il\u00edcito naquele local.<br \/>\nCom o avan\u00e7o das investiga\u00e7\u00f5es, a Pol\u00edcia Civil conseguiu surpreender hoje (22) o homem, que foi detido na esta\u00e7\u00e3o ferrovi\u00e1ria abandonada. O suspeito invadiu e transformou um c\u00f4modo daquele terminal numa esp\u00e9cie de moradia e ponto de venda de drogas, ou seja, uma &#8220;biqueira&#8221;. Os agentes fizeram a vistoria no local e localizaram cerca de 13 por\u00e7\u00f5es de crack que estavam acondicionadas de forma pr\u00f3pria para venda.<br \/>\nO acusado foi conduzido \u00e0 sede das Unidades Especializadas onde a voz de pris\u00e3o em flagrante foi ratificada, permanecendo preso, aguardando a audi\u00eancia de cust\u00f3dia. As drogas apreendidas foram encaminhadas ao Instituto de Criminal\u00edstica para elabora\u00e7\u00e3o do laudo toxicol\u00f3gico de constata\u00e7\u00e3o da subst\u00e2ncia il\u00edcita.<br \/>\nO homem preso possui antecedentes criminais por furtos e tr\u00e1fico de drogas.<\/p>\n<p>\u00a0<img loading=\"lazy\" decoding=\"async\" class=\"alignnone size-full wp-image-84560\" src=\"https:\/\/jorgezanoni.com.br\/2019\/wp-content\/uploads\/2024\/02\/zci1-Pequeno.jpg\" alt=\"\" width=\"517\" height=\"480\" srcset=\"https:\/\/jorgezanoni.com.br\/2019\/wp-content\/uploads\/2024\/02\/zci1-Pequeno.jpg 517w, https:\/\/jorgezanoni.com.br\/2019\/wp-content\/uploads\/2024\/02\/zci1-Pequeno-300x279.jpg 300w, https:\/\/jorgezanoni.com.br\/2019\/wp-content\/uploads\/2024\/02\/zci1-Pequeno-452x420.jpg 452w\" sizes=\"auto, (max-width: 517px) 100vw, 517px\" \/> <img loading=\"lazy\" decoding=\"async\" class=\"alignnone size-full wp-image-84562\" src=\"https:\/\/jorgezanoni.com.br\/2019\/wp-content\/uploads\/2024\/02\/zci-Pequeno.jpg\" alt=\"\" width=\"604\" height=\"480\" srcset=\"https:\/\/jorgezanoni.com.br\/2019\/wp-content\/uploads\/2024\/02\/zci-Pequeno.jpg 604w, https:\/\/jorgezanoni.com.br\/2019\/wp-content\/uploads\/2024\/02\/zci-Pequeno-300x238.jpg 300w, https:\/\/jorgezanoni.com.br\/2019\/wp-content\/uploads\/2024\/02\/zci-Pequeno-529x420.jpg 529w\" sizes=\"auto, (max-width: 604px) 100vw, 604px\" \/><\/p>\n<p>Fonte: Com. Social Pol\u00edcia Civil<\/p>\n","protected":false},"excerpt":{"rendered":"<p>A Pol\u00edcia Civil, por interm\u00e9dio das Unidades Especializadas &#8211; DIG\/DISE, efetuou nesta quinta-feira (22) a pris\u00e3o em flagrante de um homem de 45 anos por praticar o crime de tr\u00e1fico de drogas. O suspeito \u00e9 acusado de promover o com\u00e9rcio das subst\u00e2ncias entorpecentes de dentro de um c\u00f4modo pertencente \u00e0 esta\u00e7\u00e3o de trem que est\u00e1 [&hellip;]<\/p>\n","protected":false},"author":1,"featured_media":84561,"comment_status":"closed","ping_status":"open","sticky":false,"template":"","format":"standard","meta":{"footnotes":""},"categories":[110,2],"tags":[],"class_list":["post-84558","post","type-post","status-publish","format-standard","has-post-thumbnail","hentry","category-noticiasdestaque","category-policial"],"_links":{"self":[{"href":"https:\/\/jorgezanoni.com.br\/2019\/wp-json\/wp\/v2\/posts\/84558","targetHints":{"allow":["GET"]}}],"collection":[{"href":"https:\/\/jorgezanoni.com.br\/2019\/wp-json\/wp\/v2\/posts"}],"about":[{"href":"https:\/\/jorgezanoni.com.br\/2019\/wp-json\/wp\/v2\/types\/post"}],"author":[{"embeddable":true,"href":"https:\/\/jorgezanoni.com.br\/2019\/wp-json\/wp\/v2\/users\/1"}],"replies":[{"embeddable":true,"href":"https:\/\/jorgezanoni.com.br\/2019\/wp-json\/wp\/v2\/comments?post=84558"}],"version-history":[{"count":1,"href":"https:\/\/jorgezanoni.com.br\/2019\/wp-json\/wp\/v2\/posts\/84558\/revisions"}],"predecessor-version":[{"id":84563,"href":"https:\/\/jorgezanoni.com.br\/2019\/wp-json\/wp\/v2\/posts\/84558\/revisions\/84563"}],"wp:featuredmedia":[{"embeddable":true,"href":"https:\/\/jorgezanoni.com.br\/2019\/wp-json\/wp\/v2\/media\/84561"}],"wp:attachment":[{"href":"https:\/\/jorgezanoni.com.br\/2019\/wp-json\/wp\/v2\/media?parent=84558"}],"wp:term":[{"taxonomy":"category","embeddable":true,"href":"https:\/\/jorgezanoni.com.br\/2019\/wp-json\/wp\/v2\/categories?post=84558"},{"taxonomy":"post_tag","embeddable":true,"href":"https:\/\/jorgezanoni.com.br\/2019\/wp-json\/wp\/v2\/tags?post=84558"}],"curies":[{"name":"wp","href":"https:\/\/api.w.org\/{rel}","templated":true}]}}