{"id":8453,"date":"2019-10-10T21:57:37","date_gmt":"2019-10-10T21:57:37","guid":{"rendered":"https:\/\/jorgezanoni.com.br\/2019\/?p=8453"},"modified":"2019-10-10T21:57:37","modified_gmt":"2019-10-10T21:57:37","slug":"policia-civil-realiza-operacao-primavera-em-dracena-e-prende-7-adultos-e-apreende-dois-menores","status":"publish","type":"post","link":"https:\/\/jorgezanoni.com.br\/2019\/policia-civil-realiza-operacao-primavera-em-dracena-e-prende-7-adultos-e-apreende-dois-menores\/","title":{"rendered":"Pol\u00edcia Civil realiza opera\u00e7\u00e3o Primavera em Dracena e prende 7 adultos e apreende dois menores"},"content":{"rendered":"<p style=\"text-align: justify;\">OPERA\u00c7\u00c3O PRIMAVERA DA POLICIA CIVIL EM DRACENA PRENDE 7 ADULTOS E APREENDE DOIS ADOLESCENTES EM CONFLITO COM A LEI<\/p>\n<p style=\"text-align: justify;\">A Pol\u00edcia Civil do Estado de S\u00e3o Paulo pela Delegacia Seccional de Pol\u00edcia de Dracena realizou nesta quinta feira, 10.10.2019, a \u201cOpera\u00e7\u00e3o Primavera\u201d, que teve in\u00edcio \u00e0s 06 horas, prolongando-se e encerrando-se \u00e0s 17 horas, com excelentes resultados<br \/>\nA Opera\u00e7\u00e3o deflagrada pela Pol\u00edcia Civil abrangeu a \u00e1rea da Delegacia Seccional de Pol\u00edcia de Dracena tendo o maior foco na cidade sede, Dracena.<br \/>\nParticiparam 8 policiais civis chefiados por Delegados de Pol\u00edcia que em 4 equipes e 04 viaturas oficiais do Estado, com todos os equipamentos dispon\u00edveis, visaram principalmente a repress\u00e3o aos crimes contra a vida, o patrim\u00f4nio, sa\u00fade p\u00fablica, liberdade sexual e outros que tanto incomodam a vida em sociedade, bem como o cumprimento de mandados de pris\u00e3o de toda natureza, buscas e apreens\u00f5es, praticando o policiamento preventivo e coibindo pr\u00e1ticas il\u00edcitas.<br \/>\nDa a\u00e7\u00e3o eficiente da Pol\u00edcia Civil, resultou um total de 7 pris\u00f5es e duas apreens\u00f5es de adolescentes em conflito com a legisla\u00e7\u00e3o especial que rege as consequ\u00eancias de seus atos.<br \/>\nAssim, foram presos 7 homens adultos, sendo:<br \/>\n&#8211; 01 em Nova Guataporanga e 01 em Tupi Paulista sendo estas pris\u00f5es de natureza c\u00edvel;<br \/>\n&#8211; 01 em Junqueir\u00f3polis por regress\u00e3o de regime criminal aberto para o regime semi aberto, mais 2 por mandados de pris\u00e3o de natureza criminal, encontrando-se ambos presos na Cadeia de Lavinia-SP, sendo um mandado de pris\u00e3o de Junqueir\u00f3polis e outro de Coruripe-AL<br \/>\n&#8211; 02 em Dracena por pris\u00e3o de natureza criminal;<br \/>\n&#8211; 02 menores apreendidos sendo um de Santa Mercedes e outro de Junqueir\u00f3polis.<br \/>\nAssim, a Pol\u00edcia Civil do Estado de S\u00e3o Paulo, pela a\u00e7\u00e3o da Delegacia Seccional de Pol\u00edcia de Dracena e, Delegacias que a ela se subordinam, cumpriram com maestria sua nobre fun\u00e7\u00e3o de manter a ordem e a tranquilidade nas \u00e1reas a elas destinadas.<\/p>\n<p>Fonte: Comun. Social da Pol\u00edcia Civil<\/p>\n","protected":false},"excerpt":{"rendered":"<p>OPERA\u00c7\u00c3O PRIMAVERA DA POLICIA CIVIL EM DRACENA PRENDE 7 ADULTOS E APREENDE DOIS ADOLESCENTES EM CONFLITO COM A LEI A Pol\u00edcia Civil do Estado de S\u00e3o Paulo pela Delegacia Seccional de Pol\u00edcia de Dracena realizou nesta quinta feira, 10.10.2019, a \u201cOpera\u00e7\u00e3o Primavera\u201d, que teve in\u00edcio \u00e0s 06 horas, prolongando-se e encerrando-se \u00e0s 17 horas, com [&hellip;]<\/p>\n","protected":false},"author":1,"featured_media":8454,"comment_status":"closed","ping_status":"open","sticky":false,"template":"","format":"standard","meta":{"footnotes":""},"categories":[110,2],"tags":[],"class_list":["post-8453","post","type-post","status-publish","format-standard","has-post-thumbnail","hentry","category-noticiasdestaque","category-policial"],"_links":{"self":[{"href":"https:\/\/jorgezanoni.com.br\/2019\/wp-json\/wp\/v2\/posts\/8453","targetHints":{"allow":["GET"]}}],"collection":[{"href":"https:\/\/jorgezanoni.com.br\/2019\/wp-json\/wp\/v2\/posts"}],"about":[{"href":"https:\/\/jorgezanoni.com.br\/2019\/wp-json\/wp\/v2\/types\/post"}],"author":[{"embeddable":true,"href":"https:\/\/jorgezanoni.com.br\/2019\/wp-json\/wp\/v2\/users\/1"}],"replies":[{"embeddable":true,"href":"https:\/\/jorgezanoni.com.br\/2019\/wp-json\/wp\/v2\/comments?post=8453"}],"version-history":[{"count":0,"href":"https:\/\/jorgezanoni.com.br\/2019\/wp-json\/wp\/v2\/posts\/8453\/revisions"}],"wp:featuredmedia":[{"embeddable":true,"href":"https:\/\/jorgezanoni.com.br\/2019\/wp-json\/wp\/v2\/media\/8454"}],"wp:attachment":[{"href":"https:\/\/jorgezanoni.com.br\/2019\/wp-json\/wp\/v2\/media?parent=8453"}],"wp:term":[{"taxonomy":"category","embeddable":true,"href":"https:\/\/jorgezanoni.com.br\/2019\/wp-json\/wp\/v2\/categories?post=8453"},{"taxonomy":"post_tag","embeddable":true,"href":"https:\/\/jorgezanoni.com.br\/2019\/wp-json\/wp\/v2\/tags?post=8453"}],"curies":[{"name":"wp","href":"https:\/\/api.w.org\/{rel}","templated":true}]}}