{"id":84527,"date":"2024-02-21T21:18:40","date_gmt":"2024-02-21T21:18:40","guid":{"rendered":"https:\/\/jorgezanoni.com.br\/2019\/?p=84527"},"modified":"2024-02-21T21:18:40","modified_gmt":"2024-02-21T21:18:40","slug":"dpark-zona-azul-anuncia-mudancas-no-estacionamento-rotativo-em-dracena","status":"publish","type":"post","link":"https:\/\/jorgezanoni.com.br\/2019\/dpark-zona-azul-anuncia-mudancas-no-estacionamento-rotativo-em-dracena\/","title":{"rendered":"Dpark zona azul anuncia mudan\u00e7as no estacionamento rotativo em Dracena"},"content":{"rendered":"<p style=\"text-align: justify;\"><strong><em>O ticket poder\u00e1 ser comprado por R$ 1 e utilizado 30 minutos antes do fim do expediente por meio do aplicativo Digipare; as monitoras tamb\u00e9m passam a vender o ticket atrav\u00e9s do cart\u00e3o cr\u00e9dito, d\u00e9bito ou recarreg\u00e1vel.<\/em><\/strong><\/p>\n<p style=\"text-align: justify;\">A dpark zona azul, concession\u00e1ria que gerencia o estacionamento rotativo de Dracena-SP, informa que, em comum acordo entre a Prefeitura de Dracena e o Conselho Municipal de Tr\u00e2nsito (Comutra), ap\u00f3s as reivindica\u00e7\u00f5es feitas na sess\u00e3o extraordin\u00e1ria no in\u00edcio deste ano, foram adotadas as mudan\u00e7as exigidas e que come\u00e7am a valer.<\/p>\n<p style=\"text-align: justify;\">Uma dessas medidas, entretanto, a isen\u00e7\u00e3o da vaga de zona azul pr\u00e9-determinada para pessoas com 60 anos ou mais por um per\u00edodo de at\u00e9 2h, come\u00e7a a valer somente a partir do dia 1\u00ba de mar\u00e7o.<\/p>\n<p style=\"text-align: justify;\">A dpark informa que a vaga da zona azul est\u00e1 sinalizada com placa indicativa para este p\u00fablico.<\/p>\n<p style=\"text-align: justify;\">O idoso dever\u00e1 possuir o cart\u00e3o do idoso de estacionamento e parar em uma das vagas destinadas. \u00c9 necess\u00e1rio colocar o cart\u00e3o dentro do ve\u00edculo enquanto estiver usando a vaga.<\/p>\n<p style=\"text-align: justify;\">A Prefeitura de Dracena esclarece que a pessoa que tiver 60 anos ou mais, poder\u00e1 solicitar o cart\u00e3o do idoso de estacionamento comparecendo na Secretaria de Infraestrutura, Habita\u00e7\u00e3o e Assuntos Vi\u00e1rios, no hor\u00e1rio das 7h \u00e0s 11h e das 13h \u00e0s 17. O endere\u00e7o \u00e9 na Avenida Chacon Couto, s n\u00ba, no Recinto da Fapidra. Para mais informa\u00e7\u00f5es o telefone \u00e9: (18) 3821-8019.<\/p>\n<p style=\"text-align: justify;\">O ticket da zona azul agora tamb\u00e9m passar\u00e1 a ser vendido pelas monitoras atrav\u00e9s do cart\u00e3o<\/p>\n<p style=\"text-align: justify;\">A dpark comunica que as outras formas de compra do estacionamento rotativo ainda est\u00e3o valendo, como por exemplo: aplicativo digital (Digipare), SMS, 0800, pontos de vendas e Qr code nas mais de 300 placas de sinaliza\u00e7\u00f5es da zona azul.<\/p>\n<p style=\"text-align: justify;\">Outra mudan\u00e7a atendida pela empresa que gerencia o estacionamento rotativo da Cidade Milagre \u00e9 a compra do ticket da zona azul pelo per\u00edodo de 30 minutos antes do fim do expediente.<\/p>\n<p style=\"text-align: justify;\">A compra deve ser feita pelo aplicativo Digipare e o valor \u00e9 de R$ 1, indica a dpark.<\/p>\n<p style=\"text-align: justify;\">Os pontos de vendas foram ampliados. De 35 estabelecimentos comerciais credenciados que vendem o ticket, o n\u00famero passar\u00e1 a 50. Em frente de cada loja tem um placa indicativa de ponto de venda.<\/p>\n<p style=\"text-align: justify;\">Em rela\u00e7\u00e3o a vaga de curta dura\u00e7\u00e3o de estacionamento, outro pedido atendido, tamb\u00e9m passa a valer. Segundo a Prefeitura de Dracena, cada quarteir\u00e3o das Avenidas Presidente Roosevelt e Presidente Vargas, ter\u00e3o vagas gratuitas para o uso de 15 minutos.<\/p>\n<p style=\"text-align: justify;\">Vale lembrar que a vaga est\u00e1 delimitada com a placa indicativa e pintura de solo na cor verde.<\/p>\n<p style=\"text-align: justify;\">O motorista ao estacionar dever\u00e1 ligar o pisca alerta do ve\u00edculo para o uso correto.<\/p>\n<p style=\"text-align: justify;\"><strong>Servi\u00e7o<\/strong><\/p>\n<p style=\"text-align: justify;\">A sede da dpark est\u00e1 localizada na Rua XV de Novembro, n\u00ba 159, centro de Dracena.\u00a0 O telefone para mais informa\u00e7\u00f5es \u00e9 (18) 3823-0799. O hor\u00e1rio de atendimento ao p\u00fablico \u00e9 das 8h \u00e0s 18h.<\/p>\n<p><img loading=\"lazy\" decoding=\"async\" class=\"alignnone size-full wp-image-84529\" src=\"https:\/\/jorgezanoni.com.br\/2019\/wp-content\/uploads\/2024\/02\/z-a-Pequeno.jpg\" alt=\"\" width=\"270\" height=\"480\" srcset=\"https:\/\/jorgezanoni.com.br\/2019\/wp-content\/uploads\/2024\/02\/z-a-Pequeno.jpg 270w, https:\/\/jorgezanoni.com.br\/2019\/wp-content\/uploads\/2024\/02\/z-a-Pequeno-169x300.jpg 169w, https:\/\/jorgezanoni.com.br\/2019\/wp-content\/uploads\/2024\/02\/z-a-Pequeno-236x420.jpg 236w\" sizes=\"auto, (max-width: 270px) 100vw, 270px\" \/> <img loading=\"lazy\" decoding=\"async\" class=\"alignnone size-full wp-image-84530\" src=\"https:\/\/jorgezanoni.com.br\/2019\/wp-content\/uploads\/2024\/02\/z-a-Pequeno-1.jpg\" alt=\"\" width=\"360\" height=\"480\" srcset=\"https:\/\/jorgezanoni.com.br\/2019\/wp-content\/uploads\/2024\/02\/z-a-Pequeno-1.jpg 360w, https:\/\/jorgezanoni.com.br\/2019\/wp-content\/uploads\/2024\/02\/z-a-Pequeno-1-225x300.jpg 225w, https:\/\/jorgezanoni.com.br\/2019\/wp-content\/uploads\/2024\/02\/z-a-Pequeno-1-315x420.jpg 315w\" sizes=\"auto, (max-width: 360px) 100vw, 360px\" \/><\/p>\n<p>Fonte: N\u00facleo de Comunica\u00e7\u00e3o\/dpark zona azul<\/p>\n","protected":false},"excerpt":{"rendered":"<p>O ticket poder\u00e1 ser comprado por R$ 1 e utilizado 30 minutos antes do fim do expediente por meio do aplicativo Digipare; as monitoras tamb\u00e9m passam a vender o ticket atrav\u00e9s do cart\u00e3o cr\u00e9dito, d\u00e9bito ou recarreg\u00e1vel. A dpark zona azul, concession\u00e1ria que gerencia o estacionamento rotativo de Dracena-SP, informa que, em comum acordo entre [&hellip;]<\/p>\n","protected":false},"author":1,"featured_media":84528,"comment_status":"closed","ping_status":"open","sticky":false,"template":"","format":"standard","meta":{"footnotes":""},"categories":[180,110],"tags":[],"class_list":["post-84527","post","type-post","status-publish","format-standard","has-post-thumbnail","hentry","category-estradastransitoveiculos","category-noticiasdestaque"],"_links":{"self":[{"href":"https:\/\/jorgezanoni.com.br\/2019\/wp-json\/wp\/v2\/posts\/84527","targetHints":{"allow":["GET"]}}],"collection":[{"href":"https:\/\/jorgezanoni.com.br\/2019\/wp-json\/wp\/v2\/posts"}],"about":[{"href":"https:\/\/jorgezanoni.com.br\/2019\/wp-json\/wp\/v2\/types\/post"}],"author":[{"embeddable":true,"href":"https:\/\/jorgezanoni.com.br\/2019\/wp-json\/wp\/v2\/users\/1"}],"replies":[{"embeddable":true,"href":"https:\/\/jorgezanoni.com.br\/2019\/wp-json\/wp\/v2\/comments?post=84527"}],"version-history":[{"count":1,"href":"https:\/\/jorgezanoni.com.br\/2019\/wp-json\/wp\/v2\/posts\/84527\/revisions"}],"predecessor-version":[{"id":84531,"href":"https:\/\/jorgezanoni.com.br\/2019\/wp-json\/wp\/v2\/posts\/84527\/revisions\/84531"}],"wp:featuredmedia":[{"embeddable":true,"href":"https:\/\/jorgezanoni.com.br\/2019\/wp-json\/wp\/v2\/media\/84528"}],"wp:attachment":[{"href":"https:\/\/jorgezanoni.com.br\/2019\/wp-json\/wp\/v2\/media?parent=84527"}],"wp:term":[{"taxonomy":"category","embeddable":true,"href":"https:\/\/jorgezanoni.com.br\/2019\/wp-json\/wp\/v2\/categories?post=84527"},{"taxonomy":"post_tag","embeddable":true,"href":"https:\/\/jorgezanoni.com.br\/2019\/wp-json\/wp\/v2\/tags?post=84527"}],"curies":[{"name":"wp","href":"https:\/\/api.w.org\/{rel}","templated":true}]}}