{"id":84520,"date":"2024-02-21T19:22:00","date_gmt":"2024-02-21T19:22:00","guid":{"rendered":"https:\/\/jorgezanoni.com.br\/2019\/?p=84520"},"modified":"2024-02-21T19:22:00","modified_gmt":"2024-02-21T19:22:00","slug":"policia-militar-prende-homem-por-trafico-de-drogas-em-dracena-13","status":"publish","type":"post","link":"https:\/\/jorgezanoni.com.br\/2019\/policia-militar-prende-homem-por-trafico-de-drogas-em-dracena-13\/","title":{"rendered":"Pol\u00edcia Militar prende homem por Tr\u00e1fico de Drogas em Dracena"},"content":{"rendered":"<p style=\"text-align: justify;\">Na data de ontem (20) por volta das 18h30min policiais militares do 25\u00ba Batalh\u00e3o de Pol\u00edcia Militar do Interior em Dracena ap\u00f3s v\u00e1rias den\u00fancias que o indiv\u00edduo (homem 19 anos) realizava com\u00e9rcio de drogas il\u00edcitas na resid\u00eancia. Sendo realizada a abordagem do indiciado e durante busca pessoal foi localizado 8 por\u00e7\u00f5es de subst\u00e2ncia an\u00e1loga a droga crack e uma por\u00e7\u00e3o de subst\u00e2ncia an\u00e1loga a droga maconha al\u00e9m de uma c\u00e9dula de R$50,00 reais. Diante dos fatos foi dada voz de pris\u00e3o ao indiciado e conduzido ao Plant\u00e3o Policial de Dracena permaneceu \u00e0 disposi\u00e7\u00e3o da Justi\u00e7a.<\/p>\n<p>Fonte: Com. Social Pol\u00edcia Militar<\/p>\n","protected":false},"excerpt":{"rendered":"<p>Na data de ontem (20) por volta das 18h30min policiais militares do 25\u00ba Batalh\u00e3o de Pol\u00edcia Militar do Interior em Dracena ap\u00f3s v\u00e1rias den\u00fancias que o indiv\u00edduo (homem 19 anos) realizava com\u00e9rcio de drogas il\u00edcitas na resid\u00eancia. Sendo realizada a abordagem do indiciado e durante busca pessoal foi localizado 8 por\u00e7\u00f5es de subst\u00e2ncia an\u00e1loga a [&hellip;]<\/p>\n","protected":false},"author":1,"featured_media":84522,"comment_status":"closed","ping_status":"open","sticky":false,"template":"","format":"standard","meta":{"footnotes":""},"categories":[110,2],"tags":[],"class_list":["post-84520","post","type-post","status-publish","format-standard","has-post-thumbnail","hentry","category-noticiasdestaque","category-policial"],"_links":{"self":[{"href":"https:\/\/jorgezanoni.com.br\/2019\/wp-json\/wp\/v2\/posts\/84520","targetHints":{"allow":["GET"]}}],"collection":[{"href":"https:\/\/jorgezanoni.com.br\/2019\/wp-json\/wp\/v2\/posts"}],"about":[{"href":"https:\/\/jorgezanoni.com.br\/2019\/wp-json\/wp\/v2\/types\/post"}],"author":[{"embeddable":true,"href":"https:\/\/jorgezanoni.com.br\/2019\/wp-json\/wp\/v2\/users\/1"}],"replies":[{"embeddable":true,"href":"https:\/\/jorgezanoni.com.br\/2019\/wp-json\/wp\/v2\/comments?post=84520"}],"version-history":[{"count":1,"href":"https:\/\/jorgezanoni.com.br\/2019\/wp-json\/wp\/v2\/posts\/84520\/revisions"}],"predecessor-version":[{"id":84523,"href":"https:\/\/jorgezanoni.com.br\/2019\/wp-json\/wp\/v2\/posts\/84520\/revisions\/84523"}],"wp:featuredmedia":[{"embeddable":true,"href":"https:\/\/jorgezanoni.com.br\/2019\/wp-json\/wp\/v2\/media\/84522"}],"wp:attachment":[{"href":"https:\/\/jorgezanoni.com.br\/2019\/wp-json\/wp\/v2\/media?parent=84520"}],"wp:term":[{"taxonomy":"category","embeddable":true,"href":"https:\/\/jorgezanoni.com.br\/2019\/wp-json\/wp\/v2\/categories?post=84520"},{"taxonomy":"post_tag","embeddable":true,"href":"https:\/\/jorgezanoni.com.br\/2019\/wp-json\/wp\/v2\/tags?post=84520"}],"curies":[{"name":"wp","href":"https:\/\/api.w.org\/{rel}","templated":true}]}}