{"id":84504,"date":"2024-02-20T23:43:16","date_gmt":"2024-02-20T23:43:16","guid":{"rendered":"https:\/\/jorgezanoni.com.br\/2019\/?p=84504"},"modified":"2024-02-20T23:43:16","modified_gmt":"2024-02-20T23:43:16","slug":"policia-militar-prende-autor-de-furto-e-recupera-dinheiro-em-ouro-verde","status":"publish","type":"post","link":"https:\/\/jorgezanoni.com.br\/2019\/policia-militar-prende-autor-de-furto-e-recupera-dinheiro-em-ouro-verde\/","title":{"rendered":"Pol\u00edcia Militar prende autor de furto e recupera dinheiro em Ouro Verde"},"content":{"rendered":"<p style=\"text-align: justify;\">Na data de ontem (17) policiais militares do 25\u00ba Batalh\u00e3o de Pol\u00edcia Militar do Interior em patrulhamento de For\u00e7a T\u00e1tica pelo munic\u00edpio de Ouro Verde, quando solicitados pela v\u00edtima (homem 33 anos) que informou que sua carteira havia sido furtada do interior de seu ve\u00edculo no per\u00edodo da tarde desta mesma data e que por meio de imagens de c\u00e2mera de monitoramento, visualizou o momento em que o autor (homem 44 anos) abriu seu ve\u00edculo que se encontrava estacionado no interior de um estabelecimento comercial e subtraiu sua carteira que encontrava-se sobre o banco do referido ve\u00edculo; informando o endere\u00e7o residencial do autor.<br \/>\nDe posse das informa\u00e7\u00f5es deslocamos ao endere\u00e7o do autor, solicitado e indagado sobre o ocorrido, confessou ter cometido o furto e que o produto do furto (R$ 550,00 reais) ainda estava consigo por\u00e9m, a carteira que continha documentos e duas folhas de cheque no valor de R$158,00 cada havia sido dispensada em via p\u00fablica em local que n\u00e3o se recordava bem como a outra parte do dinheiro que em sua totalidade era de R$900,00 j\u00e1 havia sido gasta.<br \/>\nDiante dos fatos a ocorr\u00eancia foi apresentada no Plant\u00e3o de Pol\u00edcia Judici\u00e1ria de Dracena o elaborado o BOPC de furto, sendo o autor permanecendo preso.<\/p>\n<p>Fonte: Com. Social Pol\u00edcia Militar<\/p>\n","protected":false},"excerpt":{"rendered":"<p>Na data de ontem (17) policiais militares do 25\u00ba Batalh\u00e3o de Pol\u00edcia Militar do Interior em patrulhamento de For\u00e7a T\u00e1tica pelo munic\u00edpio de Ouro Verde, quando solicitados pela v\u00edtima (homem 33 anos) que informou que sua carteira havia sido furtada do interior de seu ve\u00edculo no per\u00edodo da tarde desta mesma data e que por [&hellip;]<\/p>\n","protected":false},"author":1,"featured_media":84505,"comment_status":"closed","ping_status":"open","sticky":false,"template":"","format":"standard","meta":{"footnotes":""},"categories":[110,2],"tags":[],"class_list":["post-84504","post","type-post","status-publish","format-standard","has-post-thumbnail","hentry","category-noticiasdestaque","category-policial"],"_links":{"self":[{"href":"https:\/\/jorgezanoni.com.br\/2019\/wp-json\/wp\/v2\/posts\/84504","targetHints":{"allow":["GET"]}}],"collection":[{"href":"https:\/\/jorgezanoni.com.br\/2019\/wp-json\/wp\/v2\/posts"}],"about":[{"href":"https:\/\/jorgezanoni.com.br\/2019\/wp-json\/wp\/v2\/types\/post"}],"author":[{"embeddable":true,"href":"https:\/\/jorgezanoni.com.br\/2019\/wp-json\/wp\/v2\/users\/1"}],"replies":[{"embeddable":true,"href":"https:\/\/jorgezanoni.com.br\/2019\/wp-json\/wp\/v2\/comments?post=84504"}],"version-history":[{"count":1,"href":"https:\/\/jorgezanoni.com.br\/2019\/wp-json\/wp\/v2\/posts\/84504\/revisions"}],"predecessor-version":[{"id":84506,"href":"https:\/\/jorgezanoni.com.br\/2019\/wp-json\/wp\/v2\/posts\/84504\/revisions\/84506"}],"wp:featuredmedia":[{"embeddable":true,"href":"https:\/\/jorgezanoni.com.br\/2019\/wp-json\/wp\/v2\/media\/84505"}],"wp:attachment":[{"href":"https:\/\/jorgezanoni.com.br\/2019\/wp-json\/wp\/v2\/media?parent=84504"}],"wp:term":[{"taxonomy":"category","embeddable":true,"href":"https:\/\/jorgezanoni.com.br\/2019\/wp-json\/wp\/v2\/categories?post=84504"},{"taxonomy":"post_tag","embeddable":true,"href":"https:\/\/jorgezanoni.com.br\/2019\/wp-json\/wp\/v2\/tags?post=84504"}],"curies":[{"name":"wp","href":"https:\/\/api.w.org\/{rel}","templated":true}]}}