{"id":84501,"date":"2024-02-20T23:29:18","date_gmt":"2024-02-20T23:29:18","guid":{"rendered":"https:\/\/jorgezanoni.com.br\/2019\/?p=84501"},"modified":"2024-02-20T23:29:18","modified_gmt":"2024-02-20T23:29:18","slug":"policia-militar-em-menos-de-3-horas-recupera-moto-furtada-e-desvenda-autoria-em-dracena","status":"publish","type":"post","link":"https:\/\/jorgezanoni.com.br\/2019\/policia-militar-em-menos-de-3-horas-recupera-moto-furtada-e-desvenda-autoria-em-dracena\/","title":{"rendered":"Pol\u00edcia Militar em menos de 3 horas recupera moto furtada e desvenda autoria em Dracena"},"content":{"rendered":"<p style=\"text-align: justify;\">Na data de ontem (19) policiais militares do 25\u00ba Batalh\u00e3o de Pol\u00edcia Militar do Interior no munic\u00edpio de Dracena em patrulhamento com motos foram acionados ap\u00f3s den\u00fancia que relatava motocicleta abandonada em um terreno baldio no bairro Vit\u00f3ria R\u00e9gia, as quais coincidiam com as caracter\u00edsticas de uma moto furtada a poucas horas. No local ainda havia marcas de chinelo no solo do cal\u00e7ado na terra devido \u00e0 chuva sendo constatado a autoria do furto, bem como imagens de uma c\u00e2mera de seguran\u00e7a. Tal reconhecimento do autor s\u00f3 foi poss\u00edvel atrav\u00e9s de um trabalho de tiroc\u00ednio e perspic\u00e1cia dos policiais militares envolvidos na ocorr\u00eancia. Ressalta-se ainda que o suspeito estacionou a motocicleta aos fundos de sua resid\u00eancia, aproximadamente 25 (vinte e cinco) metros do ve\u00edculo localizado.<br \/>\nFoi realizado dilig\u00eancias na resid\u00eancia do indiciado tratar-se de um indiv\u00edduo adolescente contumaz na pr\u00e1tica de atos infracionais de furto. Foi devolvido o ve\u00edculo ao propriet\u00e1rio e dados aparentados no Plant\u00e3o de Pol\u00edcia Judici\u00e1ria de Dracena.<\/p>\n<p>Fonte: Com. Social Pol\u00edcia Militar<\/p>\n","protected":false},"excerpt":{"rendered":"<p>Na data de ontem (19) policiais militares do 25\u00ba Batalh\u00e3o de Pol\u00edcia Militar do Interior no munic\u00edpio de Dracena em patrulhamento com motos foram acionados ap\u00f3s den\u00fancia que relatava motocicleta abandonada em um terreno baldio no bairro Vit\u00f3ria R\u00e9gia, as quais coincidiam com as caracter\u00edsticas de uma moto furtada a poucas horas. No local ainda [&hellip;]<\/p>\n","protected":false},"author":1,"featured_media":84502,"comment_status":"closed","ping_status":"open","sticky":false,"template":"","format":"standard","meta":{"footnotes":""},"categories":[110,2],"tags":[],"class_list":["post-84501","post","type-post","status-publish","format-standard","has-post-thumbnail","hentry","category-noticiasdestaque","category-policial"],"_links":{"self":[{"href":"https:\/\/jorgezanoni.com.br\/2019\/wp-json\/wp\/v2\/posts\/84501","targetHints":{"allow":["GET"]}}],"collection":[{"href":"https:\/\/jorgezanoni.com.br\/2019\/wp-json\/wp\/v2\/posts"}],"about":[{"href":"https:\/\/jorgezanoni.com.br\/2019\/wp-json\/wp\/v2\/types\/post"}],"author":[{"embeddable":true,"href":"https:\/\/jorgezanoni.com.br\/2019\/wp-json\/wp\/v2\/users\/1"}],"replies":[{"embeddable":true,"href":"https:\/\/jorgezanoni.com.br\/2019\/wp-json\/wp\/v2\/comments?post=84501"}],"version-history":[{"count":1,"href":"https:\/\/jorgezanoni.com.br\/2019\/wp-json\/wp\/v2\/posts\/84501\/revisions"}],"predecessor-version":[{"id":84503,"href":"https:\/\/jorgezanoni.com.br\/2019\/wp-json\/wp\/v2\/posts\/84501\/revisions\/84503"}],"wp:featuredmedia":[{"embeddable":true,"href":"https:\/\/jorgezanoni.com.br\/2019\/wp-json\/wp\/v2\/media\/84502"}],"wp:attachment":[{"href":"https:\/\/jorgezanoni.com.br\/2019\/wp-json\/wp\/v2\/media?parent=84501"}],"wp:term":[{"taxonomy":"category","embeddable":true,"href":"https:\/\/jorgezanoni.com.br\/2019\/wp-json\/wp\/v2\/categories?post=84501"},{"taxonomy":"post_tag","embeddable":true,"href":"https:\/\/jorgezanoni.com.br\/2019\/wp-json\/wp\/v2\/tags?post=84501"}],"curies":[{"name":"wp","href":"https:\/\/api.w.org\/{rel}","templated":true}]}}