{"id":84438,"date":"2024-02-17T22:29:54","date_gmt":"2024-02-17T22:29:54","guid":{"rendered":"https:\/\/jorgezanoni.com.br\/2019\/?p=84438"},"modified":"2024-02-17T22:29:54","modified_gmt":"2024-02-17T22:29:54","slug":"ponto-de-onibus-que-estava-ocupado-por-homem-ha-alguns-anos-e-limpo-pela-secretaria-municipal","status":"publish","type":"post","link":"https:\/\/jorgezanoni.com.br\/2019\/ponto-de-onibus-que-estava-ocupado-por-homem-ha-alguns-anos-e-limpo-pela-secretaria-municipal\/","title":{"rendered":"Ponto de \u00d4nibus que estava ocupado por homem h\u00e1 alguns anos, \u00e9 limpo pela Secretaria Municipal"},"content":{"rendered":"<p style=\"text-align: justify;\"><strong>Homem ocupava o espa\u00e7o h\u00e1 alguns anos e ningu\u00e9m achava uma solu\u00e7\u00e3o para tir\u00e1-lo do local. Fam\u00edlia colaborou.<\/strong><\/p>\n<p style=\"text-align: justify;\">Nesta sextafeira (16) foi desocupado e lavado o Ponto de \u00d4nibus da Avenida Washington Luiz em frente ao D.E.R., entrada de Dracena.<\/p>\n<p style=\"text-align: justify;\">Formos informados pelo Secret\u00e1rio Marcos Antonio da Cruz da Secretaria de Limpeza P\u00fablica e Meio Ambiente, que familiares do Sr. que ocupou aquele local por um bom tempo, conseguiu interna\u00e7\u00e3o em uma Cl\u00ednica na Cidade de Presidente Prudente.<\/p>\n<p style=\"text-align: justify;\">Com a sa\u00edda do homem do local, foi poss\u00edvel a limpeza e recolhimento de grande quantidade de materias, lixo e at\u00e9 ratos do local.<\/p>\n<p style=\"text-align: justify;\">A Secretar\u00eda de Assist\u00eancia Social dever\u00e1 apoiar e acompanhar a fam\u00edlia enquanto o homem estiver internado.<\/p>\n<p><img loading=\"lazy\" decoding=\"async\" class=\"alignnone size-full wp-image-84440\" src=\"https:\/\/jorgezanoni.com.br\/2019\/wp-content\/uploads\/2024\/02\/lixo-Pequeno-1.jpg\" alt=\"\" width=\"854\" height=\"480\" srcset=\"https:\/\/jorgezanoni.com.br\/2019\/wp-content\/uploads\/2024\/02\/lixo-Pequeno-1.jpg 854w, https:\/\/jorgezanoni.com.br\/2019\/wp-content\/uploads\/2024\/02\/lixo-Pequeno-1-300x169.jpg 300w, https:\/\/jorgezanoni.com.br\/2019\/wp-content\/uploads\/2024\/02\/lixo-Pequeno-1-768x432.jpg 768w, https:\/\/jorgezanoni.com.br\/2019\/wp-content\/uploads\/2024\/02\/lixo-Pequeno-1-696x391.jpg 696w, https:\/\/jorgezanoni.com.br\/2019\/wp-content\/uploads\/2024\/02\/lixo-Pequeno-1-747x420.jpg 747w\" sizes=\"auto, (max-width: 854px) 100vw, 854px\" \/> <img loading=\"lazy\" decoding=\"async\" class=\"alignnone size-full wp-image-84441\" src=\"https:\/\/jorgezanoni.com.br\/2019\/wp-content\/uploads\/2024\/02\/lixo1-Pequeno.jpg\" alt=\"\" width=\"854\" height=\"480\" srcset=\"https:\/\/jorgezanoni.com.br\/2019\/wp-content\/uploads\/2024\/02\/lixo1-Pequeno.jpg 854w, https:\/\/jorgezanoni.com.br\/2019\/wp-content\/uploads\/2024\/02\/lixo1-Pequeno-300x169.jpg 300w, https:\/\/jorgezanoni.com.br\/2019\/wp-content\/uploads\/2024\/02\/lixo1-Pequeno-768x432.jpg 768w, https:\/\/jorgezanoni.com.br\/2019\/wp-content\/uploads\/2024\/02\/lixo1-Pequeno-696x391.jpg 696w, https:\/\/jorgezanoni.com.br\/2019\/wp-content\/uploads\/2024\/02\/lixo1-Pequeno-747x420.jpg 747w\" sizes=\"auto, (max-width: 854px) 100vw, 854px\" \/> <img loading=\"lazy\" decoding=\"async\" class=\"alignnone size-full wp-image-84442\" src=\"https:\/\/jorgezanoni.com.br\/2019\/wp-content\/uploads\/2024\/02\/lixo2-Pequeno.jpg\" alt=\"\" width=\"854\" height=\"480\" srcset=\"https:\/\/jorgezanoni.com.br\/2019\/wp-content\/uploads\/2024\/02\/lixo2-Pequeno.jpg 854w, https:\/\/jorgezanoni.com.br\/2019\/wp-content\/uploads\/2024\/02\/lixo2-Pequeno-300x169.jpg 300w, https:\/\/jorgezanoni.com.br\/2019\/wp-content\/uploads\/2024\/02\/lixo2-Pequeno-768x432.jpg 768w, https:\/\/jorgezanoni.com.br\/2019\/wp-content\/uploads\/2024\/02\/lixo2-Pequeno-696x391.jpg 696w, https:\/\/jorgezanoni.com.br\/2019\/wp-content\/uploads\/2024\/02\/lixo2-Pequeno-747x420.jpg 747w\" sizes=\"auto, (max-width: 854px) 100vw, 854px\" \/> <img loading=\"lazy\" decoding=\"async\" class=\"alignnone size-full wp-image-84443\" src=\"https:\/\/jorgezanoni.com.br\/2019\/wp-content\/uploads\/2024\/02\/lixo3-Pequeno.jpg\" alt=\"\" width=\"854\" height=\"480\" srcset=\"https:\/\/jorgezanoni.com.br\/2019\/wp-content\/uploads\/2024\/02\/lixo3-Pequeno.jpg 854w, https:\/\/jorgezanoni.com.br\/2019\/wp-content\/uploads\/2024\/02\/lixo3-Pequeno-300x169.jpg 300w, https:\/\/jorgezanoni.com.br\/2019\/wp-content\/uploads\/2024\/02\/lixo3-Pequeno-768x432.jpg 768w, https:\/\/jorgezanoni.com.br\/2019\/wp-content\/uploads\/2024\/02\/lixo3-Pequeno-696x391.jpg 696w, https:\/\/jorgezanoni.com.br\/2019\/wp-content\/uploads\/2024\/02\/lixo3-Pequeno-747x420.jpg 747w\" sizes=\"auto, (max-width: 854px) 100vw, 854px\" \/> <img loading=\"lazy\" decoding=\"async\" class=\"alignnone size-full wp-image-84445\" src=\"https:\/\/jorgezanoni.com.br\/2019\/wp-content\/uploads\/2024\/02\/lixo5-Pequeno.jpg\" alt=\"\" width=\"854\" height=\"480\" srcset=\"https:\/\/jorgezanoni.com.br\/2019\/wp-content\/uploads\/2024\/02\/lixo5-Pequeno.jpg 854w, https:\/\/jorgezanoni.com.br\/2019\/wp-content\/uploads\/2024\/02\/lixo5-Pequeno-300x169.jpg 300w, https:\/\/jorgezanoni.com.br\/2019\/wp-content\/uploads\/2024\/02\/lixo5-Pequeno-768x432.jpg 768w, https:\/\/jorgezanoni.com.br\/2019\/wp-content\/uploads\/2024\/02\/lixo5-Pequeno-696x391.jpg 696w, https:\/\/jorgezanoni.com.br\/2019\/wp-content\/uploads\/2024\/02\/lixo5-Pequeno-747x420.jpg 747w\" sizes=\"auto, (max-width: 854px) 100vw, 854px\" \/><\/p>\n<p>Jorge Zanoni<\/p>\n<p>Fotos: Secretaria<\/p>\n","protected":false},"excerpt":{"rendered":"<p>Homem ocupava o espa\u00e7o h\u00e1 alguns anos e ningu\u00e9m achava uma solu\u00e7\u00e3o para tir\u00e1-lo do local. Fam\u00edlia colaborou. Nesta sextafeira (16) foi desocupado e lavado o Ponto de \u00d4nibus da Avenida Washington Luiz em frente ao D.E.R., entrada de Dracena. Formos informados pelo Secret\u00e1rio Marcos Antonio da Cruz da Secretaria de Limpeza P\u00fablica e Meio [&hellip;]<\/p>\n","protected":false},"author":1,"featured_media":84442,"comment_status":"closed","ping_status":"open","sticky":false,"template":"","format":"standard","meta":{"footnotes":""},"categories":[179,184,110],"tags":[],"class_list":["post-84438","post","type-post","status-publish","format-standard","has-post-thumbnail","hentry","category-cidadeseregiao","category-dracena","category-noticiasdestaque"],"_links":{"self":[{"href":"https:\/\/jorgezanoni.com.br\/2019\/wp-json\/wp\/v2\/posts\/84438","targetHints":{"allow":["GET"]}}],"collection":[{"href":"https:\/\/jorgezanoni.com.br\/2019\/wp-json\/wp\/v2\/posts"}],"about":[{"href":"https:\/\/jorgezanoni.com.br\/2019\/wp-json\/wp\/v2\/types\/post"}],"author":[{"embeddable":true,"href":"https:\/\/jorgezanoni.com.br\/2019\/wp-json\/wp\/v2\/users\/1"}],"replies":[{"embeddable":true,"href":"https:\/\/jorgezanoni.com.br\/2019\/wp-json\/wp\/v2\/comments?post=84438"}],"version-history":[{"count":1,"href":"https:\/\/jorgezanoni.com.br\/2019\/wp-json\/wp\/v2\/posts\/84438\/revisions"}],"predecessor-version":[{"id":84446,"href":"https:\/\/jorgezanoni.com.br\/2019\/wp-json\/wp\/v2\/posts\/84438\/revisions\/84446"}],"wp:featuredmedia":[{"embeddable":true,"href":"https:\/\/jorgezanoni.com.br\/2019\/wp-json\/wp\/v2\/media\/84442"}],"wp:attachment":[{"href":"https:\/\/jorgezanoni.com.br\/2019\/wp-json\/wp\/v2\/media?parent=84438"}],"wp:term":[{"taxonomy":"category","embeddable":true,"href":"https:\/\/jorgezanoni.com.br\/2019\/wp-json\/wp\/v2\/categories?post=84438"},{"taxonomy":"post_tag","embeddable":true,"href":"https:\/\/jorgezanoni.com.br\/2019\/wp-json\/wp\/v2\/tags?post=84438"}],"curies":[{"name":"wp","href":"https:\/\/api.w.org\/{rel}","templated":true}]}}