{"id":84425,"date":"2024-02-16T16:13:23","date_gmt":"2024-02-16T16:13:23","guid":{"rendered":"https:\/\/jorgezanoni.com.br\/2019\/?p=84425"},"modified":"2024-02-16T16:13:23","modified_gmt":"2024-02-16T16:13:23","slug":"grandes-supermercados-continuam-abrindo-aos-domingos-ate-as-13-h","status":"publish","type":"post","link":"https:\/\/jorgezanoni.com.br\/2019\/grandes-supermercados-continuam-abrindo-aos-domingos-ate-as-13-h\/","title":{"rendered":"Grandes Supermercados continuam abrindo aos domingos at\u00e9 as 13 H."},"content":{"rendered":"<p style=\"text-align: justify;\"><strong>Grandes Supermercados, menores\u00a0 varejistas do ramo de secos e molhados, ACE e Prefeitura estiveram reunidos na \u00faltima sexta-feira. Decis\u00e3o saiu hoje.<\/strong><\/p>\n<p style=\"text-align: justify;\">Recebemos informa\u00e7\u00e3o do Grupo de menores varejistas de Supermercados, que foram informados que os grandes Supermercados permanecer\u00e3o aberto de segunda a sexta-feira das 08 \u00e0s 21 H e nos domingos continuam das 08 \u00e0s 13 H.<\/p>\n<p style=\"text-align: justify;\">O SITE JZ e TOP TV que acompanhou com exclusividade a primeira reuni\u00e3o na Prefeitura Municipal e tamb\u00e9m esteve na reuni\u00e3o da \u00faltima sexta-feira na ACE, recebeu o seguinte comunicado:<\/p>\n<p style=\"text-align: justify;\">&#8220;O Secret\u00e1rio do prefeito acabou de me ligar, o posicionamento das grandes redes, \u00e9 realmente continuar abrindo como est\u00e3o, comentou ainda que o prefeito Andr\u00e9 lemos acionou o setor Jur\u00eddico da Prefeitura para ver se tem alguma forma legal de nos ajudar. Perguntei quanto tempo ele estimativa pra responder, ele disse que num prazo de trinta dias, e que se tiver resposta antes nos procura&#8221;.<\/p>\n<p style=\"text-align: justify;\">Ainda fomos informados que os menores comerciantes est\u00e3o tentando agendar com o Presidente da C\u00e2mara Municipal Danilo Ledo, uma reuni\u00e3o com todos os vereadores na pr\u00f3xima segunda-feira \u00e0s 19 H. antes da Sess\u00e3o Camar\u00e1ria.<\/p>\n<p>Fonte: Grupo de Menores Varejistas de Supermercados.<\/p>\n<p>Imagem Ilustrativa<\/p>\n<p>Jorge Zanoni<br \/>\n&nbsp;<\/p>\n","protected":false},"excerpt":{"rendered":"<p>Grandes Supermercados, menores\u00a0 varejistas do ramo de secos e molhados, ACE e Prefeitura estiveram reunidos na \u00faltima sexta-feira. Decis\u00e3o saiu hoje. Recebemos informa\u00e7\u00e3o do Grupo de menores varejistas de Supermercados, que foram informados que os grandes Supermercados permanecer\u00e3o aberto de segunda a sexta-feira das 08 \u00e0s 21 H e nos domingos continuam das 08 \u00e0s [&hellip;]<\/p>\n","protected":false},"author":1,"featured_media":84426,"comment_status":"closed","ping_status":"open","sticky":false,"template":"","format":"standard","meta":{"footnotes":""},"categories":[179,184,110],"tags":[],"class_list":["post-84425","post","type-post","status-publish","format-standard","has-post-thumbnail","hentry","category-cidadeseregiao","category-dracena","category-noticiasdestaque"],"_links":{"self":[{"href":"https:\/\/jorgezanoni.com.br\/2019\/wp-json\/wp\/v2\/posts\/84425","targetHints":{"allow":["GET"]}}],"collection":[{"href":"https:\/\/jorgezanoni.com.br\/2019\/wp-json\/wp\/v2\/posts"}],"about":[{"href":"https:\/\/jorgezanoni.com.br\/2019\/wp-json\/wp\/v2\/types\/post"}],"author":[{"embeddable":true,"href":"https:\/\/jorgezanoni.com.br\/2019\/wp-json\/wp\/v2\/users\/1"}],"replies":[{"embeddable":true,"href":"https:\/\/jorgezanoni.com.br\/2019\/wp-json\/wp\/v2\/comments?post=84425"}],"version-history":[{"count":1,"href":"https:\/\/jorgezanoni.com.br\/2019\/wp-json\/wp\/v2\/posts\/84425\/revisions"}],"predecessor-version":[{"id":84427,"href":"https:\/\/jorgezanoni.com.br\/2019\/wp-json\/wp\/v2\/posts\/84425\/revisions\/84427"}],"wp:featuredmedia":[{"embeddable":true,"href":"https:\/\/jorgezanoni.com.br\/2019\/wp-json\/wp\/v2\/media\/84426"}],"wp:attachment":[{"href":"https:\/\/jorgezanoni.com.br\/2019\/wp-json\/wp\/v2\/media?parent=84425"}],"wp:term":[{"taxonomy":"category","embeddable":true,"href":"https:\/\/jorgezanoni.com.br\/2019\/wp-json\/wp\/v2\/categories?post=84425"},{"taxonomy":"post_tag","embeddable":true,"href":"https:\/\/jorgezanoni.com.br\/2019\/wp-json\/wp\/v2\/tags?post=84425"}],"curies":[{"name":"wp","href":"https:\/\/api.w.org\/{rel}","templated":true}]}}