{"id":84422,"date":"2024-02-16T12:32:38","date_gmt":"2024-02-16T12:32:38","guid":{"rendered":"https:\/\/jorgezanoni.com.br\/2019\/?p=84422"},"modified":"2024-02-16T12:32:38","modified_gmt":"2024-02-16T12:32:38","slug":"hoje-e-comemorado-o-dia-nacional-do-reporter","status":"publish","type":"post","link":"https:\/\/jorgezanoni.com.br\/2019\/hoje-e-comemorado-o-dia-nacional-do-reporter\/","title":{"rendered":"Hoje \u00e9 comemorado o &#8220;Dia Nacional do Rep\u00f3rter&#8221;"},"content":{"rendered":"<p style=\"text-align: justify;\">O<strong>\u00a0Dia Nacional do Rep\u00f3rter<\/strong>\u00a0\u00e9 comemorado anualmente em\u00a0<strong>16 de fevereiro<\/strong>\u00a0no Brasil.<\/p>\n<p style=\"text-align: justify;\">A data homenageia os profissionais respons\u00e1veis por transmitir atrav\u00e9s dos meios de comunica\u00e7\u00e3o fatos e informa\u00e7\u00f5es de interesse p\u00fablico. Todo o rep\u00f3rter \u00e9 jornalista, mas n\u00e3o s\u00e3o todos os jornalistas obrigatoriamente rep\u00f3rteres.<\/p>\n<p style=\"text-align: justify;\">O rep\u00f3rter \u00e9 um cargo que pode ser ocupado por um profissional que foi habilitado, atrav\u00e9s do curso de Jornalismo, para desempenhar a comunica\u00e7\u00e3o social por meio das m\u00eddias.<\/p>\n<p style=\"text-align: justify;\">A principal tarefa do rep\u00f3rter \u00e9 a cobertura de pautas e not\u00edcias, com investiga\u00e7\u00e3o profunda dos fatos, entrevistas e produ\u00e7\u00e3o de um texto explicativo, imparcial e direto para o leitor ou telespectador.<\/p>\n<p style=\"text-align: justify;\">O cargo de rep\u00f3rter est\u00e1 presente em todas as \u00e1reas da comunica\u00e7\u00e3o social, seja na televis\u00e3o, r\u00e1dio, internet ou jornalismo impresso. A figura do rep\u00f3rter \u00e9 imprescind\u00edvel para a produ\u00e7\u00e3o de conte\u00fados apurados e com qualidade profissional.<\/p>\n<p style=\"text-align: justify;\">No Brasil ainda s\u00e3o comemoradas datas espec\u00edficas para o\u00a0<strong>Dia do Rep\u00f3rter Fotogr\u00e1fico<\/strong>\u00a0(2 de setembro) e o\u00a0<strong>Dia do Rep\u00f3rter Policial<\/strong>\u00a0(31 de outubro).<\/p>\n<h2 style=\"text-align: justify;\">Mensagem para o Dia do Rep\u00f3rter<\/h2>\n<p style=\"text-align: justify;\"><em>&#8220;Um rep\u00f3rter deve trabalhar com \u00e9tica, buscando sempre a verdade sobre a not\u00edcia, sem fazer alarde ou sensacionalismo com a mesma! Parab\u00e9ns pelo seu dia, rep\u00f3rter!&#8221;<\/em><\/p>\n<p style=\"text-align: justify;\"><em>&#8220;O rep\u00f3rter \u00e9 o profissional ca\u00e7ador de not\u00edcias que nos informa a cada dia de todos os fatos ocorridos no mundo&#8221;.<\/em><\/p>\n<p>Fonte: https:\/\/www.calendarr.com\/brasil\/dia-do-reporter\/<\/p>\n","protected":false},"excerpt":{"rendered":"<p>O\u00a0Dia Nacional do Rep\u00f3rter\u00a0\u00e9 comemorado anualmente em\u00a016 de fevereiro\u00a0no Brasil. A data homenageia os profissionais respons\u00e1veis por transmitir atrav\u00e9s dos meios de comunica\u00e7\u00e3o fatos e informa\u00e7\u00f5es de interesse p\u00fablico. Todo o rep\u00f3rter \u00e9 jornalista, mas n\u00e3o s\u00e3o todos os jornalistas obrigatoriamente rep\u00f3rteres. O rep\u00f3rter \u00e9 um cargo que pode ser ocupado por um profissional que [&hellip;]<\/p>\n","protected":false},"author":1,"featured_media":84423,"comment_status":"closed","ping_status":"open","sticky":false,"template":"","format":"standard","meta":{"footnotes":""},"categories":[114,110],"tags":[],"class_list":["post-84422","post","type-post","status-publish","format-standard","has-post-thumbnail","hentry","category-geralecomercio","category-noticiasdestaque"],"_links":{"self":[{"href":"https:\/\/jorgezanoni.com.br\/2019\/wp-json\/wp\/v2\/posts\/84422","targetHints":{"allow":["GET"]}}],"collection":[{"href":"https:\/\/jorgezanoni.com.br\/2019\/wp-json\/wp\/v2\/posts"}],"about":[{"href":"https:\/\/jorgezanoni.com.br\/2019\/wp-json\/wp\/v2\/types\/post"}],"author":[{"embeddable":true,"href":"https:\/\/jorgezanoni.com.br\/2019\/wp-json\/wp\/v2\/users\/1"}],"replies":[{"embeddable":true,"href":"https:\/\/jorgezanoni.com.br\/2019\/wp-json\/wp\/v2\/comments?post=84422"}],"version-history":[{"count":1,"href":"https:\/\/jorgezanoni.com.br\/2019\/wp-json\/wp\/v2\/posts\/84422\/revisions"}],"predecessor-version":[{"id":84424,"href":"https:\/\/jorgezanoni.com.br\/2019\/wp-json\/wp\/v2\/posts\/84422\/revisions\/84424"}],"wp:featuredmedia":[{"embeddable":true,"href":"https:\/\/jorgezanoni.com.br\/2019\/wp-json\/wp\/v2\/media\/84423"}],"wp:attachment":[{"href":"https:\/\/jorgezanoni.com.br\/2019\/wp-json\/wp\/v2\/media?parent=84422"}],"wp:term":[{"taxonomy":"category","embeddable":true,"href":"https:\/\/jorgezanoni.com.br\/2019\/wp-json\/wp\/v2\/categories?post=84422"},{"taxonomy":"post_tag","embeddable":true,"href":"https:\/\/jorgezanoni.com.br\/2019\/wp-json\/wp\/v2\/tags?post=84422"}],"curies":[{"name":"wp","href":"https:\/\/api.w.org\/{rel}","templated":true}]}}