{"id":84418,"date":"2024-02-16T11:50:07","date_gmt":"2024-02-16T11:50:07","guid":{"rendered":"https:\/\/jorgezanoni.com.br\/2019\/?p=84418"},"modified":"2024-02-16T11:50:07","modified_gmt":"2024-02-16T11:50:07","slug":"alguns-tipos-de-luto-qual-a-diferenca-do-luto-normal-e-do-luto-patologico-por-cidinha-pascoaloto","status":"publish","type":"post","link":"https:\/\/jorgezanoni.com.br\/2019\/alguns-tipos-de-luto-qual-a-diferenca-do-luto-normal-e-do-luto-patologico-por-cidinha-pascoaloto\/","title":{"rendered":"Alguns tipos de luto:  Qual a diferen\u00e7a do luto normal e do luto patol\u00f3gico?  \u00a0(por Cidinha Pascoaloto)"},"content":{"rendered":"<p style=\"text-align: justify;\">\u201cA dor do luto \u00e9 proporcional \u00e0 intensidade do amor vivido na rela\u00e7\u00e3o que foi rompida pela morte, mas tamb\u00e9m \u00e9 por meio desse amor que conseguiremos nos reconstruir.\u201d \u2013\u00a0Ana Claudia Quintana Arantes<\/p>\n<p style=\"text-align: justify;\">O luto, n\u00e3o \u00e9 uma doen\u00e7a, mas sim uma trajet\u00f3ria natural de cura, e tem uma classifica\u00e7\u00e3o como \u201cluto normal\u201d ou \u201cluto patol\u00f3gico\u201d. A maioria das pessoas conseguem caminhar muito bem pelo luto e vencer a dor sem recursos de profissionais fortalecendo suas emo\u00e7\u00f5es, fazendo contatos com pessoas queridas e positivas, construindo uma rede de apoio, estabelecendo novas rotinas, cuidando da sa\u00fade f\u00edsica, espiritual e mental. Essa \u00e9 uma forma leve de encarar o processo do luto mesmo com muita dor. Outros necessitam de ajuda para caminhar sobre esse processo. Muitas vezes sentem culpados em seguir a vida.<\/p>\n<p style=\"text-align: justify;\">Existem v\u00e1rios tipos de luto o normal \u00e9 quando a pessoa que perde um algu\u00e9m querido e o indiv\u00edduo compreende e aceita a perda adaptando-se \u00e0 condi\u00e7\u00e3o de viver sem aquela pessoa. Mesmo com a tristeza, o choro, a saudade e as lembran\u00e7as ainda presentes ela consegue administrar a dor sentida e dar continuidade a vida.<\/p>\n<p style=\"text-align: justify;\">O luto complicado acontece quando a pessoa enlutada sente uma desorganiza\u00e7\u00e3o prolongada que a impede de retomar atividades normais com manifesta\u00e7\u00f5es de sentimentos intensos que persistem por longo per\u00edodo ap\u00f3s a perda. \u00a0Esses sentimentos podem provocar mudan\u00e7as radicais no estilo de vida do indiv\u00edduo como levar ao isolamento, ter epis\u00f3dios depressivos, impulso autodestrutivo e baixa autoestima.<\/p>\n<p style=\"text-align: justify;\">O luto complicado \u00e9 o aumento do luto at\u00e9 o ponto em que a pessoa tenha um comportamento mal adaptado, sente que est\u00e1 sobrecarregada, e constantemente em um estado de luto doloroso sem avan\u00e7o em dire\u00e7\u00e3o a seu t\u00e9rmino.<\/p>\n<p style=\"text-align: justify;\">\u00c9 saud\u00e1vel falar sobre a perda, criar rituais, libertar de qualquer vergonha ou culpa e vivermos um dia de cada vez.<\/p>\n<p><img loading=\"lazy\" decoding=\"async\" class=\"alignnone size-full wp-image-84419\" src=\"https:\/\/jorgezanoni.com.br\/2019\/wp-content\/uploads\/2024\/02\/Cidinha-Pascoaloto-2.jpg\" alt=\"\" width=\"500\" height=\"755\" srcset=\"https:\/\/jorgezanoni.com.br\/2019\/wp-content\/uploads\/2024\/02\/Cidinha-Pascoaloto-2.jpg 500w, https:\/\/jorgezanoni.com.br\/2019\/wp-content\/uploads\/2024\/02\/Cidinha-Pascoaloto-2-199x300.jpg 199w, https:\/\/jorgezanoni.com.br\/2019\/wp-content\/uploads\/2024\/02\/Cidinha-Pascoaloto-2-278x420.jpg 278w\" sizes=\"auto, (max-width: 500px) 100vw, 500px\" \/>Cidinha Pascoaloto-Psic\u00f3loga, com foco no luto CRP 06\/158174. Presencial e online, contato: (18) 99725-6418<\/p>\n","protected":false},"excerpt":{"rendered":"<p>\u201cA dor do luto \u00e9 proporcional \u00e0 intensidade do amor vivido na rela\u00e7\u00e3o que foi rompida pela morte, mas tamb\u00e9m \u00e9 por meio desse amor que conseguiremos nos reconstruir.\u201d \u2013\u00a0Ana Claudia Quintana Arantes O luto, n\u00e3o \u00e9 uma doen\u00e7a, mas sim uma trajet\u00f3ria natural de cura, e tem uma classifica\u00e7\u00e3o como \u201cluto normal\u201d ou \u201cluto [&hellip;]<\/p>\n","protected":false},"author":1,"featured_media":84420,"comment_status":"closed","ping_status":"open","sticky":false,"template":"","format":"standard","meta":{"footnotes":""},"categories":[175],"tags":[],"class_list":["post-84418","post","type-post","status-publish","format-standard","has-post-thumbnail","hentry","category-artigos"],"_links":{"self":[{"href":"https:\/\/jorgezanoni.com.br\/2019\/wp-json\/wp\/v2\/posts\/84418","targetHints":{"allow":["GET"]}}],"collection":[{"href":"https:\/\/jorgezanoni.com.br\/2019\/wp-json\/wp\/v2\/posts"}],"about":[{"href":"https:\/\/jorgezanoni.com.br\/2019\/wp-json\/wp\/v2\/types\/post"}],"author":[{"embeddable":true,"href":"https:\/\/jorgezanoni.com.br\/2019\/wp-json\/wp\/v2\/users\/1"}],"replies":[{"embeddable":true,"href":"https:\/\/jorgezanoni.com.br\/2019\/wp-json\/wp\/v2\/comments?post=84418"}],"version-history":[{"count":1,"href":"https:\/\/jorgezanoni.com.br\/2019\/wp-json\/wp\/v2\/posts\/84418\/revisions"}],"predecessor-version":[{"id":84421,"href":"https:\/\/jorgezanoni.com.br\/2019\/wp-json\/wp\/v2\/posts\/84418\/revisions\/84421"}],"wp:featuredmedia":[{"embeddable":true,"href":"https:\/\/jorgezanoni.com.br\/2019\/wp-json\/wp\/v2\/media\/84420"}],"wp:attachment":[{"href":"https:\/\/jorgezanoni.com.br\/2019\/wp-json\/wp\/v2\/media?parent=84418"}],"wp:term":[{"taxonomy":"category","embeddable":true,"href":"https:\/\/jorgezanoni.com.br\/2019\/wp-json\/wp\/v2\/categories?post=84418"},{"taxonomy":"post_tag","embeddable":true,"href":"https:\/\/jorgezanoni.com.br\/2019\/wp-json\/wp\/v2\/tags?post=84418"}],"curies":[{"name":"wp","href":"https:\/\/api.w.org\/{rel}","templated":true}]}}