{"id":84384,"date":"2024-02-14T21:14:43","date_gmt":"2024-02-14T21:14:43","guid":{"rendered":"https:\/\/jorgezanoni.com.br\/2019\/?p=84384"},"modified":"2024-02-14T21:14:43","modified_gmt":"2024-02-14T21:14:43","slug":"policia-militar-prende-homem-em-flagrante-por-roubo-em-dracena","status":"publish","type":"post","link":"https:\/\/jorgezanoni.com.br\/2019\/policia-militar-prende-homem-em-flagrante-por-roubo-em-dracena\/","title":{"rendered":"Pol\u00edcia Militar prende homem em flagrante por Roubo em Dracena"},"content":{"rendered":"<p style=\"text-align: justify;\">Nesta quarta-feira, 14 de fevereiro, os policiais do 25\u00ba Batalh\u00e3o de Pol\u00edcia Militar do Interior, prenderam um homem por roubo em Dracena.<br \/>\nA equipe realizava o patrulhamento, e tomaram conhecimento de roubo a um estabelecimento comercial, (conveni\u00eancia), esta equipe visualizou o indiciado em meio a outras pessoas e ciente das caracter\u00edsticas do autor (55 anos), foi realizada a abordagem e de imediato foram localizadas as r\u00e9s furtiva, e ao ser indagado confessou a pr\u00e1tica do crime. Diante dos fatos foi dada voz de pris\u00e3o em flagrante, pelo crime de roubo e conduzido ao Plant\u00e3o de Pol\u00edcia Judici\u00e1ria de Dracena, onde permaneceu preso \u00e0 disposi\u00e7\u00e3o da Justi\u00e7a.<\/p>\n<p>Fonte: Comunica\u00e7\u00e3o Social Pol\u00edcia Militar<\/p>\n","protected":false},"excerpt":{"rendered":"<p>Nesta quarta-feira, 14 de fevereiro, os policiais do 25\u00ba Batalh\u00e3o de Pol\u00edcia Militar do Interior, prenderam um homem por roubo em Dracena. A equipe realizava o patrulhamento, e tomaram conhecimento de roubo a um estabelecimento comercial, (conveni\u00eancia), esta equipe visualizou o indiciado em meio a outras pessoas e ciente das caracter\u00edsticas do autor (55 anos), [&hellip;]<\/p>\n","protected":false},"author":1,"featured_media":84386,"comment_status":"closed","ping_status":"open","sticky":false,"template":"","format":"standard","meta":{"footnotes":""},"categories":[110,2],"tags":[],"class_list":["post-84384","post","type-post","status-publish","format-standard","has-post-thumbnail","hentry","category-noticiasdestaque","category-policial"],"_links":{"self":[{"href":"https:\/\/jorgezanoni.com.br\/2019\/wp-json\/wp\/v2\/posts\/84384","targetHints":{"allow":["GET"]}}],"collection":[{"href":"https:\/\/jorgezanoni.com.br\/2019\/wp-json\/wp\/v2\/posts"}],"about":[{"href":"https:\/\/jorgezanoni.com.br\/2019\/wp-json\/wp\/v2\/types\/post"}],"author":[{"embeddable":true,"href":"https:\/\/jorgezanoni.com.br\/2019\/wp-json\/wp\/v2\/users\/1"}],"replies":[{"embeddable":true,"href":"https:\/\/jorgezanoni.com.br\/2019\/wp-json\/wp\/v2\/comments?post=84384"}],"version-history":[{"count":1,"href":"https:\/\/jorgezanoni.com.br\/2019\/wp-json\/wp\/v2\/posts\/84384\/revisions"}],"predecessor-version":[{"id":84387,"href":"https:\/\/jorgezanoni.com.br\/2019\/wp-json\/wp\/v2\/posts\/84384\/revisions\/84387"}],"wp:featuredmedia":[{"embeddable":true,"href":"https:\/\/jorgezanoni.com.br\/2019\/wp-json\/wp\/v2\/media\/84386"}],"wp:attachment":[{"href":"https:\/\/jorgezanoni.com.br\/2019\/wp-json\/wp\/v2\/media?parent=84384"}],"wp:term":[{"taxonomy":"category","embeddable":true,"href":"https:\/\/jorgezanoni.com.br\/2019\/wp-json\/wp\/v2\/categories?post=84384"},{"taxonomy":"post_tag","embeddable":true,"href":"https:\/\/jorgezanoni.com.br\/2019\/wp-json\/wp\/v2\/tags?post=84384"}],"curies":[{"name":"wp","href":"https:\/\/api.w.org\/{rel}","templated":true}]}}