{"id":8434,"date":"2019-10-10T13:18:22","date_gmt":"2019-10-10T13:18:22","guid":{"rendered":"https:\/\/jorgezanoni.com.br\/2019\/?p=8434"},"modified":"2019-10-10T13:20:55","modified_gmt":"2019-10-10T13:20:55","slug":"homem-de-32-anos-morre-em-grave-acidente-entre-moto-e-caminhao","status":"publish","type":"post","link":"https:\/\/jorgezanoni.com.br\/2019\/homem-de-32-anos-morre-em-grave-acidente-entre-moto-e-caminhao\/","title":{"rendered":"Homem de 32 anos morre em grave acidente entre moto e caminh\u00e3o"},"content":{"rendered":"<p><strong><em>Segundo a Pol\u00edcia Rodovi\u00e1ria, motociclista teria \u201centrado na contra m\u00e3o\u201d.<\/em><\/strong><\/p>\n<p style=\"text-align: justify;\">Um homem de 32 anos de idade morreu em decorr\u00eancia de um grave acidente ocorrido na Rodovia Ol\u00edmpio Ferreira da Silva (SP-272) em Mirante do Paranapanema\/SP.<\/p>\n<p>Segundo informa\u00e7\u00f5es da Pol\u00edcia Militar Rodovi\u00e1ria, o acidente ocorreu por volta das 12h20 desta quarta-feira (9) no km 47+900 metros da citada rodovia.<\/p>\n<p>O policiamento rodovi\u00e1rio informou atrav\u00e9s de nota que \u201ca colis\u00e3o frontal entre o caminh\u00e3o e a motocicleta ocorreu quando a v\u00edtima de 32 anos de idade trafegava com a Honda Twister com placas de Mirante do Paranapanema e por motivos ainda desconhecidos, invadiu a contra m\u00e3o de dire\u00e7\u00e3o, colidindo frontalmente com o caminh\u00e3o com placas de Apucarana\/PR que fazia o sentido contr\u00e1rio\u201d.<\/p>\n<p>O condutor da moto que \u00e9 de Mirante do Paranapanema n\u00e3o resistiu \u00e0 gravidade das les\u00f5es e morreu no local.<\/p>\n<p>A pista e ve\u00edculos passaram por per\u00edcia e a ocorr\u00eancia foi apresentada na Delegacia de Pol\u00edcia Civil.<\/p>\n<p>Atuaram nesta ocorr\u00eancia o Corpo de Bombeiros, Pol\u00edcia Militar, e profissionais da Unidade B\u00e1sica de Atendimento do Departamento de Estradas de Rodagem (DER).<\/p>\n<p style=\"text-align: justify;\">Fonte: Folha Regional<\/p>\n","protected":false},"excerpt":{"rendered":"<p>Segundo a Pol\u00edcia Rodovi\u00e1ria, motociclista teria \u201centrado na contra m\u00e3o\u201d. Um homem de 32 anos de idade morreu em decorr\u00eancia de um grave acidente ocorrido na Rodovia Ol\u00edmpio Ferreira da Silva (SP-272) em Mirante do Paranapanema\/SP. Segundo informa\u00e7\u00f5es da Pol\u00edcia Militar Rodovi\u00e1ria, o acidente ocorreu por volta das 12h20 desta quarta-feira (9) no km 47+900 [&hellip;]<\/p>\n","protected":false},"author":1,"featured_media":8435,"comment_status":"closed","ping_status":"open","sticky":false,"template":"","format":"standard","meta":{"footnotes":""},"categories":[170,110],"tags":[],"class_list":["post-8434","post","type-post","status-publish","format-standard","has-post-thumbnail","hentry","category-acidentes","category-noticiasdestaque"],"_links":{"self":[{"href":"https:\/\/jorgezanoni.com.br\/2019\/wp-json\/wp\/v2\/posts\/8434","targetHints":{"allow":["GET"]}}],"collection":[{"href":"https:\/\/jorgezanoni.com.br\/2019\/wp-json\/wp\/v2\/posts"}],"about":[{"href":"https:\/\/jorgezanoni.com.br\/2019\/wp-json\/wp\/v2\/types\/post"}],"author":[{"embeddable":true,"href":"https:\/\/jorgezanoni.com.br\/2019\/wp-json\/wp\/v2\/users\/1"}],"replies":[{"embeddable":true,"href":"https:\/\/jorgezanoni.com.br\/2019\/wp-json\/wp\/v2\/comments?post=8434"}],"version-history":[{"count":0,"href":"https:\/\/jorgezanoni.com.br\/2019\/wp-json\/wp\/v2\/posts\/8434\/revisions"}],"wp:featuredmedia":[{"embeddable":true,"href":"https:\/\/jorgezanoni.com.br\/2019\/wp-json\/wp\/v2\/media\/8435"}],"wp:attachment":[{"href":"https:\/\/jorgezanoni.com.br\/2019\/wp-json\/wp\/v2\/media?parent=8434"}],"wp:term":[{"taxonomy":"category","embeddable":true,"href":"https:\/\/jorgezanoni.com.br\/2019\/wp-json\/wp\/v2\/categories?post=8434"},{"taxonomy":"post_tag","embeddable":true,"href":"https:\/\/jorgezanoni.com.br\/2019\/wp-json\/wp\/v2\/tags?post=8434"}],"curies":[{"name":"wp","href":"https:\/\/api.w.org\/{rel}","templated":true}]}}