{"id":84326,"date":"2024-02-09T17:53:55","date_gmt":"2024-02-09T17:53:55","guid":{"rendered":"https:\/\/jorgezanoni.com.br\/2019\/?p=84326"},"modified":"2024-02-09T17:53:55","modified_gmt":"2024-02-09T17:53:55","slug":"eixo-anuncia-que-sete-novos-radares-iniciam-operacao-na-proxima-semana","status":"publish","type":"post","link":"https:\/\/jorgezanoni.com.br\/2019\/eixo-anuncia-que-sete-novos-radares-iniciam-operacao-na-proxima-semana\/","title":{"rendered":"Eixo anuncia que SETE novos Radares iniciam opera\u00e7\u00e3o na pr\u00f3xima semana"},"content":{"rendered":"<p><em>Ap\u00f3s homologa\u00e7\u00e3o do DER, equipamentos instalados em tr\u00eas rodovias come\u00e7am a funcionar na pr\u00f3xima quarta-feira.<\/em><\/p>\n<p style=\"text-align: justify;\">Sete novos radares entrar\u00e3o em opera\u00e7\u00e3o em tr\u00eas rodovias administradas pela Eixo SP, a partir da\u00a0 pr\u00f3xima quarta-feira (14). Ser\u00e3o tr\u00eas equipamentos na SP 294 \u2013 Comandante Jo\u00e3o Ribeiro de Barros, dois na SP 304 \u2013 Rodovia Luiz de Queiroz, um na SP 304 \u2013 Rodovia Deputado Amauri Barroso de Souza e um na SP 425 \u2013 Rodovia Assis Chateaubriand.<\/p>\n<p style=\"text-align: justify;\">Os equipamentos iniciam fiscaliza\u00e7\u00e3o ap\u00f3s homologa\u00e7\u00e3o do Departamento de Estradas de Rodagem (DER), \u00f3rg\u00e3o respons\u00e1vel pela aplica\u00e7\u00e3o das multas. A instala\u00e7\u00e3o e a opera\u00e7\u00e3o dos radares atendem a uma determina\u00e7\u00e3o do contrato de concess\u00e3o. De acordo com a coordenadora de Seguran\u00e7a Vi\u00e1ria da Eixo SP, Viviane Riveli de Carvalho, os equipamentos auxiliam na preserva\u00e7\u00e3o da seguran\u00e7a do usu\u00e1rio por meio da fiscaliza\u00e7\u00e3o da velocidade m\u00e1xima permitida na rodovia. Segundo ela, a velocidade excessiva \u00e9 um dos principais fatores que contribuem para o registro de acidentes.<\/p>\n<p>Veja abaixo os locais onde come\u00e7am a operar os novos equipamentos.<\/p>\n<p>SP 294 \u2013 km 547+350 (pista sentido oeste) \u2013 Iacri<\/p>\n<p>SP 294 \u2013 km 547+650 (pista sentido leste) \u2013 Iacri<\/p>\n<p>SP 294 \u2013 km 666+400 (pista sentido oeste) \u2013 Tupi Paulista<\/p>\n<p>SP 304 \u2013 km 173+930 (pista sentido leste) \u2013 Piracicaba<\/p>\n<p>SP 304 \u2013 km 176+450 (pista sentido oeste) \u2013 Piracicaba<\/p>\n<p>SP 304 \u2013 km 278+130 (pista sentido leste) \u2013 Mineiros do Tiet\u00ea<\/p>\n<p>SP 425 \u2013 km 439+700 (pista sentido sul) \u2013 Indiana<\/p>\n<p>Fonte: Concession\u00e1ria Eixo<\/p>\n","protected":false},"excerpt":{"rendered":"<p>Ap\u00f3s homologa\u00e7\u00e3o do DER, equipamentos instalados em tr\u00eas rodovias come\u00e7am a funcionar na pr\u00f3xima quarta-feira. Sete novos radares entrar\u00e3o em opera\u00e7\u00e3o em tr\u00eas rodovias administradas pela Eixo SP, a partir da\u00a0 pr\u00f3xima quarta-feira (14). Ser\u00e3o tr\u00eas equipamentos na SP 294 \u2013 Comandante Jo\u00e3o Ribeiro de Barros, dois na SP 304 \u2013 Rodovia Luiz de Queiroz, [&hellip;]<\/p>\n","protected":false},"author":1,"featured_media":84327,"comment_status":"closed","ping_status":"open","sticky":false,"template":"","format":"standard","meta":{"footnotes":""},"categories":[180,110],"tags":[],"class_list":["post-84326","post","type-post","status-publish","format-standard","has-post-thumbnail","hentry","category-estradastransitoveiculos","category-noticiasdestaque"],"_links":{"self":[{"href":"https:\/\/jorgezanoni.com.br\/2019\/wp-json\/wp\/v2\/posts\/84326","targetHints":{"allow":["GET"]}}],"collection":[{"href":"https:\/\/jorgezanoni.com.br\/2019\/wp-json\/wp\/v2\/posts"}],"about":[{"href":"https:\/\/jorgezanoni.com.br\/2019\/wp-json\/wp\/v2\/types\/post"}],"author":[{"embeddable":true,"href":"https:\/\/jorgezanoni.com.br\/2019\/wp-json\/wp\/v2\/users\/1"}],"replies":[{"embeddable":true,"href":"https:\/\/jorgezanoni.com.br\/2019\/wp-json\/wp\/v2\/comments?post=84326"}],"version-history":[{"count":1,"href":"https:\/\/jorgezanoni.com.br\/2019\/wp-json\/wp\/v2\/posts\/84326\/revisions"}],"predecessor-version":[{"id":84328,"href":"https:\/\/jorgezanoni.com.br\/2019\/wp-json\/wp\/v2\/posts\/84326\/revisions\/84328"}],"wp:featuredmedia":[{"embeddable":true,"href":"https:\/\/jorgezanoni.com.br\/2019\/wp-json\/wp\/v2\/media\/84327"}],"wp:attachment":[{"href":"https:\/\/jorgezanoni.com.br\/2019\/wp-json\/wp\/v2\/media?parent=84326"}],"wp:term":[{"taxonomy":"category","embeddable":true,"href":"https:\/\/jorgezanoni.com.br\/2019\/wp-json\/wp\/v2\/categories?post=84326"},{"taxonomy":"post_tag","embeddable":true,"href":"https:\/\/jorgezanoni.com.br\/2019\/wp-json\/wp\/v2\/tags?post=84326"}],"curies":[{"name":"wp","href":"https:\/\/api.w.org\/{rel}","templated":true}]}}