{"id":84300,"date":"2024-02-08T23:45:29","date_gmt":"2024-02-08T23:45:29","guid":{"rendered":"https:\/\/jorgezanoni.com.br\/2019\/?p=84300"},"modified":"2024-02-08T23:45:29","modified_gmt":"2024-02-08T23:45:29","slug":"o-processo-de-luto-pode-gerar-depressao-por-cidinha-pascoaloto","status":"publish","type":"post","link":"https:\/\/jorgezanoni.com.br\/2019\/o-processo-de-luto-pode-gerar-depressao-por-cidinha-pascoaloto\/","title":{"rendered":"O processo de luto pode gerar depress\u00e3o?  (por Cidinha Pascoaloto)"},"content":{"rendered":"<p style=\"text-align: justify;\">O luto \u00e9 uma experi\u00eancia universal, e um processo que acontece quando perdemos pessoas queridas. Esse processo envolve muita dor emocional e diversos sentimentos como: raiva, nega\u00e7\u00e3o tristeza e culpa e de depress\u00e3o. O luto \u00e9 composto por v\u00e1rias fases diferentes, cada uma com suas pr\u00f3prias caracter\u00edsticas e desafios. Uma dessas fases cruciais \u00e9 a fase de depress\u00e3o, que muitas vezes \u00e9 mal compreendida e mal interpretada.<\/p>\n<p style=\"text-align: justify;\">\u00a0Ela pode desencadear dist\u00farbios psicol\u00f3gicos como complica\u00e7\u00f5es na sa\u00fade mental. \u00a0Cada pessoa vivencia esse processo de maneira individual e manifestam sentimentos bem diferentes desde crises de choros at\u00e9 o sil\u00eancio total. Todos esses sentimentos fazem parte do processo do luto.<\/p>\n<p style=\"text-align: justify;\">\u00a0O luto pode se tornar um transtorno quando se estende por longos per\u00edodos, causando uma dor constante, inconformidade, tristeza profunda, desespero e incapacidade em dar continuidade na sua rotina. \u00c9 normal que a pessoa enlutada evite falar sobre o assunto, tem crises de choro, de revolta contra Deus e com familiares que est\u00e3o a sua volta. A dor \u00e9 intensa e os momentos s\u00e3o de sofrimento e n\u00e3o aceitam a perda.<\/p>\n<p style=\"text-align: justify;\">\u00a0\u00c9 importante lembrar que o luto n\u00e3o \u00e9 uma s\u00edndrome ou doen\u00e7a, mas sim um processo emocional. Se voc\u00ea est\u00e1 passando por um momento dif\u00edcil, saiba que existem profissionais capacitados para ajud\u00e1-lo.\u00a0\u00c9 muito importante que os familiares fa\u00e7am contato com um psic\u00f3logo pois o paciente enlutado dificilmente ir\u00e1 procurar ajuda.<\/p>\n<p style=\"text-align: justify;\">\u00a0O psic\u00f3logo n\u00e3o vai devolver a pessoa querida, mas vai ajudar a acalmar a dor de forma que ela entenda o que est\u00e1 acontecendo com ela diante da aus\u00eancia da pessoa querida.<\/p>\n<p style=\"text-align: justify;\">\u00c9 importante lembrar que o luto pode se manifestar de forma intensa e prolongada, mas n\u00e3o \u00e9 doen\u00e7a.<\/p>\n<p style=\"text-align: justify;\"><img loading=\"lazy\" decoding=\"async\" class=\"alignnone size-full wp-image-84301\" src=\"https:\/\/jorgezanoni.com.br\/2019\/wp-content\/uploads\/2024\/02\/Cidinha-Pascoaloto-1.jpg\" alt=\"\" width=\"500\" height=\"755\" srcset=\"https:\/\/jorgezanoni.com.br\/2019\/wp-content\/uploads\/2024\/02\/Cidinha-Pascoaloto-1.jpg 500w, https:\/\/jorgezanoni.com.br\/2019\/wp-content\/uploads\/2024\/02\/Cidinha-Pascoaloto-1-199x300.jpg 199w, https:\/\/jorgezanoni.com.br\/2019\/wp-content\/uploads\/2024\/02\/Cidinha-Pascoaloto-1-278x420.jpg 278w\" sizes=\"auto, (max-width: 500px) 100vw, 500px\" \/>Cidinha Pascoaloto-Psic\u00f3loga, com foco no luto CRP 06\/158174. Presencial e online, contato: (18) 99725-6418<\/p>\n<p>&nbsp;<\/p>\n<p>&nbsp;<\/p>\n<p>&nbsp;<\/p>\n","protected":false},"excerpt":{"rendered":"<p>O luto \u00e9 uma experi\u00eancia universal, e um processo que acontece quando perdemos pessoas queridas. Esse processo envolve muita dor emocional e diversos sentimentos como: raiva, nega\u00e7\u00e3o tristeza e culpa e de depress\u00e3o. O luto \u00e9 composto por v\u00e1rias fases diferentes, cada uma com suas pr\u00f3prias caracter\u00edsticas e desafios. Uma dessas fases cruciais \u00e9 a [&hellip;]<\/p>\n","protected":false},"author":1,"featured_media":84302,"comment_status":"closed","ping_status":"open","sticky":false,"template":"","format":"standard","meta":{"footnotes":""},"categories":[175],"tags":[],"class_list":["post-84300","post","type-post","status-publish","format-standard","has-post-thumbnail","hentry","category-artigos"],"_links":{"self":[{"href":"https:\/\/jorgezanoni.com.br\/2019\/wp-json\/wp\/v2\/posts\/84300","targetHints":{"allow":["GET"]}}],"collection":[{"href":"https:\/\/jorgezanoni.com.br\/2019\/wp-json\/wp\/v2\/posts"}],"about":[{"href":"https:\/\/jorgezanoni.com.br\/2019\/wp-json\/wp\/v2\/types\/post"}],"author":[{"embeddable":true,"href":"https:\/\/jorgezanoni.com.br\/2019\/wp-json\/wp\/v2\/users\/1"}],"replies":[{"embeddable":true,"href":"https:\/\/jorgezanoni.com.br\/2019\/wp-json\/wp\/v2\/comments?post=84300"}],"version-history":[{"count":1,"href":"https:\/\/jorgezanoni.com.br\/2019\/wp-json\/wp\/v2\/posts\/84300\/revisions"}],"predecessor-version":[{"id":84303,"href":"https:\/\/jorgezanoni.com.br\/2019\/wp-json\/wp\/v2\/posts\/84300\/revisions\/84303"}],"wp:featuredmedia":[{"embeddable":true,"href":"https:\/\/jorgezanoni.com.br\/2019\/wp-json\/wp\/v2\/media\/84302"}],"wp:attachment":[{"href":"https:\/\/jorgezanoni.com.br\/2019\/wp-json\/wp\/v2\/media?parent=84300"}],"wp:term":[{"taxonomy":"category","embeddable":true,"href":"https:\/\/jorgezanoni.com.br\/2019\/wp-json\/wp\/v2\/categories?post=84300"},{"taxonomy":"post_tag","embeddable":true,"href":"https:\/\/jorgezanoni.com.br\/2019\/wp-json\/wp\/v2\/tags?post=84300"}],"curies":[{"name":"wp","href":"https:\/\/api.w.org\/{rel}","templated":true}]}}