{"id":84278,"date":"2024-02-07T21:55:35","date_gmt":"2024-02-07T21:55:35","guid":{"rendered":"https:\/\/jorgezanoni.com.br\/2019\/?p=84278"},"modified":"2024-02-07T21:55:35","modified_gmt":"2024-02-07T21:55:35","slug":"dracena-e-tupi-paulista-terao-bloquinhos-e-carnaval-de-rua-neste-fim-de-semana","status":"publish","type":"post","link":"https:\/\/jorgezanoni.com.br\/2019\/dracena-e-tupi-paulista-terao-bloquinhos-e-carnaval-de-rua-neste-fim-de-semana\/","title":{"rendered":"Dracena e Tupi Paulista ter\u00e3o bloquinhos e carnaval de rua neste fim de semana"},"content":{"rendered":"<p style=\"text-align: justify;\">Este fim de semana ser\u00e1 de muita folia na Nova Alta Paulista, com a realiza\u00e7\u00e3o do<br \/>\ncarnaval de rua do Bloco Calang@s d\u2019Oeste. O evento gratuito ter\u00e1 apresenta\u00e7\u00f5es<br \/>\nsexta (09) e s\u00e1bado (10) em Dracena e no domingo (11) em Tupi Paulista.<br \/>\nEm sua terceira edi\u00e7\u00e3o, o bloco \u00e9 uma parceria entre a comunidade, patrocinadores e as<br \/>\nPrefeituras de Dracena e Tupi Paulista, tendo como tema deste ano \u201cVamos pra avenida,<br \/>\ndesfilar a vida, carnavalizar\u201d.<br \/>\nDentre as atra\u00e7\u00f5es, trio el\u00e9trico com banda e bateria, sob o comando do maestro<br \/>\nClodoaldo Carvalho de Jesus, o \u201cMurf\u201d. Haver\u00e1 tamb\u00e9m concurso de fantasia com<br \/>\npremia\u00e7\u00f5es para os foli\u00f5es presentes e blocos inscritos.<br \/>\nNos locais das apresenta\u00e7\u00f5es, ter\u00e1 infraestrutura com sanit\u00e1rios, seguran\u00e7a e pra\u00e7a de<br \/>\nalimenta\u00e7\u00e3o, para que todos possam curtir da melhor forma poss\u00edvel.<br \/>\nDe acordo com a organiza\u00e7\u00e3o do bloco, o objetivo desse projeto \u00e9 realizar uma festa<br \/>\ncultural e democr\u00e1tica, de rua, gratuita e voltada a todos que gostam da alegria do<br \/>\ncarnaval e queiram se divertir com toda a fam\u00edlia.<br \/>\nVeja abaixo a programa\u00e7\u00e3o do bloco:<br \/>\nSexta-feira (09\/02) &#8211; Dracena:<br \/>\n&#8211; Concentra\u00e7\u00e3o: 18h<br \/>\n&#8211; Local: Pra\u00e7a dos Estudantes<br \/>\n&#8211; Cortejo: A partir das 19h<br \/>\n&#8211; Encerramento previsto: 23h<br \/>\nS\u00e1bado (10\/02) &#8211; Dracena:<br \/>\n* Concentra\u00e7\u00e3o: 16h<br \/>\n* Local: Pra\u00e7a dos Estudantes<br \/>\n* Cortejo: A partir das 17h<br \/>\n* Encerramento previsto: 21h + \u201cAfter\u201d<br \/>\nDomingo (11\/02) \u2013 Tupi Paulista:<br \/>\n* Concentra\u00e7\u00e3o: 16h<br \/>\n* Local: Avenida 9 de Julho 1620 (esquina do SICOOB)<br \/>\n* Cortejo: A partir das 17h<br \/>\n* Encerramento: 21h + \u201cAfter\u201d<\/p>\n<p style=\"text-align: justify;\">Fonte: Assessoria Calangos<\/p>\n","protected":false},"excerpt":{"rendered":"<p>Este fim de semana ser\u00e1 de muita folia na Nova Alta Paulista, com a realiza\u00e7\u00e3o do carnaval de rua do Bloco Calang@s d\u2019Oeste. O evento gratuito ter\u00e1 apresenta\u00e7\u00f5es sexta (09) e s\u00e1bado (10) em Dracena e no domingo (11) em Tupi Paulista. Em sua terceira edi\u00e7\u00e3o, o bloco \u00e9 uma parceria entre a comunidade, patrocinadores [&hellip;]<\/p>\n","protected":false},"author":1,"featured_media":84279,"comment_status":"closed","ping_status":"open","sticky":false,"template":"","format":"standard","meta":{"footnotes":""},"categories":[111,110],"tags":[],"class_list":["post-84278","post","type-post","status-publish","format-standard","has-post-thumbnail","hentry","category-esporteecultura","category-noticiasdestaque"],"_links":{"self":[{"href":"https:\/\/jorgezanoni.com.br\/2019\/wp-json\/wp\/v2\/posts\/84278","targetHints":{"allow":["GET"]}}],"collection":[{"href":"https:\/\/jorgezanoni.com.br\/2019\/wp-json\/wp\/v2\/posts"}],"about":[{"href":"https:\/\/jorgezanoni.com.br\/2019\/wp-json\/wp\/v2\/types\/post"}],"author":[{"embeddable":true,"href":"https:\/\/jorgezanoni.com.br\/2019\/wp-json\/wp\/v2\/users\/1"}],"replies":[{"embeddable":true,"href":"https:\/\/jorgezanoni.com.br\/2019\/wp-json\/wp\/v2\/comments?post=84278"}],"version-history":[{"count":1,"href":"https:\/\/jorgezanoni.com.br\/2019\/wp-json\/wp\/v2\/posts\/84278\/revisions"}],"predecessor-version":[{"id":84280,"href":"https:\/\/jorgezanoni.com.br\/2019\/wp-json\/wp\/v2\/posts\/84278\/revisions\/84280"}],"wp:featuredmedia":[{"embeddable":true,"href":"https:\/\/jorgezanoni.com.br\/2019\/wp-json\/wp\/v2\/media\/84279"}],"wp:attachment":[{"href":"https:\/\/jorgezanoni.com.br\/2019\/wp-json\/wp\/v2\/media?parent=84278"}],"wp:term":[{"taxonomy":"category","embeddable":true,"href":"https:\/\/jorgezanoni.com.br\/2019\/wp-json\/wp\/v2\/categories?post=84278"},{"taxonomy":"post_tag","embeddable":true,"href":"https:\/\/jorgezanoni.com.br\/2019\/wp-json\/wp\/v2\/tags?post=84278"}],"curies":[{"name":"wp","href":"https:\/\/api.w.org\/{rel}","templated":true}]}}