{"id":84196,"date":"2024-02-03T18:46:00","date_gmt":"2024-02-03T18:46:00","guid":{"rendered":"https:\/\/jorgezanoni.com.br\/2019\/?p=84196"},"modified":"2024-02-03T18:46:00","modified_gmt":"2024-02-03T18:46:00","slug":"bloco-calangs-doeste-realizara-carnaval-de-rua-em-dracena-e-tupi-paulista","status":"publish","type":"post","link":"https:\/\/jorgezanoni.com.br\/2019\/bloco-calangs-doeste-realizara-carnaval-de-rua-em-dracena-e-tupi-paulista\/","title":{"rendered":"Bloco Calang@s d\u2019Oeste realizar\u00e1 carnaval de rua em Dracena e Tupi Paulista"},"content":{"rendered":"<p style=\"text-align: justify;\"><strong>Hoje, s\u00e1bado (dia 03), vai ter o pr\u00e9-carnaval do Bloco Calang@s d&#8217;Oeste, na Pra\u00e7a Rotary aqui em Dracena, \u00e0s 17h30.<\/strong><\/p>\n<p>Um evento gratuito, com m\u00fasica ao vivo, para todos os p\u00fablicos de todas as idades.<\/p>\n<p>Todos est\u00e3o convidados!<\/p>\n<p style=\"text-align: justify;\">Uma parceria entre comunidade, patrocinadores e as Prefeituras de Dracena e Tupi\u00a0Paulista proporcionar\u00e1 \u00e0 popula\u00e7\u00e3o da Nova Alta Paulista mais uma edi\u00e7\u00e3o do carnaval de rua.<\/p>\n<p>Em sua terceira edi\u00e7\u00e3o, o Bloco Calang@s d\u2019Oeste se apresentar\u00e1 em Dracena nos dias 9 e 10 de fevereiro e em Tupi Paulista no dia 11, domingo de carnaval.<\/p>\n<p style=\"text-align: justify;\">Com o tema \u201cVamos pra avenida, desfilar a vida, carnavalizar\u201d, o bloco ter\u00e1, dentre as atra\u00e7\u00f5es, trio el\u00e9trico, banda e bateria composta por mais de 30 integrantes, tudo sob o comando do maestro Clodoaldo Carvalho de Jesus, o nosso grande \u201cMurf\u201d. Haver\u00e1 tamb\u00e9m<br \/>\nconcurso de fantasia com premia\u00e7\u00f5es para os foli\u00f5es presentes e blocos inscritos.<\/p>\n<p>Nos locais das apresenta\u00e7\u00f5es, haver\u00e1 infraestrutura com sanit\u00e1rios, seguran\u00e7a e pra\u00e7a de<br \/>\nalimenta\u00e7\u00e3o.<\/p>\n<p>O objetivo do bloco \u00e9 realizar uma festa cultural e democr\u00e1tica, de rua, gratuita e voltada<br \/>\na todos que gostam da alegria do carnaval e queiram se divertir com toda a fam\u00edlia.<\/p>\n<p>E os preparativos est\u00e3o a todo vapor! Neste s\u00e1bado, 03\/02\/24, haver\u00e1 Pr\u00e9-carnaval a partir das 17h30, na Pra\u00e7a Rotary, em Dracena.<\/p>\n<p>Veja abaixo a programa\u00e7\u00e3o do bloco:<br \/>\nSexta-feira (09\/02) &#8211; Dracena:<br \/>\n&#8211; Concentra\u00e7\u00e3o: 18h<br \/>\n&#8211; Local: Pra\u00e7a dos Estudantes<br \/>\n&#8211; Cortejo: A partir das 19h<br \/>\n&#8211; Encerramento previsto: 23h<br \/>\nS\u00e1bado (10\/02) &#8211; Dracena:<br \/>\n* Concentra\u00e7\u00e3o: 16h<br \/>\n* Local: Pra\u00e7a dos Estudantes<br \/>\n* Cortejo: A partir das 17h<br \/>\n* Encerramento previsto: 21h + \u201cAfter\u201d<br \/>\nDomingo (11\/02) \u2013 Tupi Paulista:<br \/>\n* Concentra\u00e7\u00e3o: 16h<br \/>\n* Local: Avenida 9 de Julho 1620 (esquina do SICOOB)<br \/>\n* Cortejo: A partir das 17h<br \/>\n* Encerramento: 21h + \u201cAfter\u201d<\/p>\n<p style=\"text-align: justify;\">Breve hist\u00f3rico do bloco<br \/>\nO Instituto de Desenvolvimento Econ\u00f4mico, Ambiental e Social Diversa (IDEAS Diversa) tem como miss\u00e3o promover o desenvolvimento sustent\u00e1vel e a justi\u00e7a social por meio de projetos econ\u00f4micos, ambientais e sociais inovadores com o prop\u00f3sito de melhorar a vida das pessoas e o meio ambiente.<br \/>\nNo ano de 2019, atrav\u00e9s de uma parceria entre IDEAS Diversa e a Institui\u00e7\u00e3o Art\u00edstica Guiomar Novaes, foi criado o bloco Calangos D&#8217;Oeste, oferecendo oficinas de percuss\u00e3o para a comunidade em geral com o professor Clodoaldo Carvalho de Jesus (Murf).<br \/>\nDesde ent\u00e3o, o bloco j\u00e1 desfilou pelas ruas da regi\u00e3o em dois carnavais (2020 e 2023) e se prepara para realizar mais um cortejo no ano de 2024.<\/p>\n<p>Imagens do Carnaval de 2023<\/p>\n<p><img loading=\"lazy\" decoding=\"async\" class=\"alignnone size-full wp-image-84202\" src=\"https:\/\/jorgezanoni.com.br\/2019\/wp-content\/uploads\/2024\/02\/carna1-Pequeno.jpg\" alt=\"\" width=\"720\" height=\"480\" srcset=\"https:\/\/jorgezanoni.com.br\/2019\/wp-content\/uploads\/2024\/02\/carna1-Pequeno.jpg 720w, https:\/\/jorgezanoni.com.br\/2019\/wp-content\/uploads\/2024\/02\/carna1-Pequeno-300x200.jpg 300w, https:\/\/jorgezanoni.com.br\/2019\/wp-content\/uploads\/2024\/02\/carna1-Pequeno-696x464.jpg 696w, https:\/\/jorgezanoni.com.br\/2019\/wp-content\/uploads\/2024\/02\/carna1-Pequeno-630x420.jpg 630w\" sizes=\"auto, (max-width: 720px) 100vw, 720px\" \/> <img loading=\"lazy\" decoding=\"async\" class=\"alignnone size-full wp-image-84203\" src=\"https:\/\/jorgezanoni.com.br\/2019\/wp-content\/uploads\/2024\/02\/carna2-Pequeno.jpg\" alt=\"\" width=\"720\" height=\"480\" srcset=\"https:\/\/jorgezanoni.com.br\/2019\/wp-content\/uploads\/2024\/02\/carna2-Pequeno.jpg 720w, https:\/\/jorgezanoni.com.br\/2019\/wp-content\/uploads\/2024\/02\/carna2-Pequeno-300x200.jpg 300w, https:\/\/jorgezanoni.com.br\/2019\/wp-content\/uploads\/2024\/02\/carna2-Pequeno-696x464.jpg 696w, https:\/\/jorgezanoni.com.br\/2019\/wp-content\/uploads\/2024\/02\/carna2-Pequeno-630x420.jpg 630w\" sizes=\"auto, (max-width: 720px) 100vw, 720px\" \/> <img loading=\"lazy\" decoding=\"async\" class=\"alignnone size-full wp-image-84204\" src=\"https:\/\/jorgezanoni.com.br\/2019\/wp-content\/uploads\/2024\/02\/carna3-Pequeno.jpg\" alt=\"\" width=\"722\" height=\"480\" srcset=\"https:\/\/jorgezanoni.com.br\/2019\/wp-content\/uploads\/2024\/02\/carna3-Pequeno.jpg 722w, https:\/\/jorgezanoni.com.br\/2019\/wp-content\/uploads\/2024\/02\/carna3-Pequeno-300x199.jpg 300w, https:\/\/jorgezanoni.com.br\/2019\/wp-content\/uploads\/2024\/02\/carna3-Pequeno-696x463.jpg 696w, https:\/\/jorgezanoni.com.br\/2019\/wp-content\/uploads\/2024\/02\/carna3-Pequeno-632x420.jpg 632w\" sizes=\"auto, (max-width: 722px) 100vw, 722px\" \/> <img loading=\"lazy\" decoding=\"async\" class=\"alignnone size-full wp-image-84205\" src=\"https:\/\/jorgezanoni.com.br\/2019\/wp-content\/uploads\/2024\/02\/carna4-Pequeno.jpg\" alt=\"\" width=\"720\" height=\"480\" srcset=\"https:\/\/jorgezanoni.com.br\/2019\/wp-content\/uploads\/2024\/02\/carna4-Pequeno.jpg 720w, https:\/\/jorgezanoni.com.br\/2019\/wp-content\/uploads\/2024\/02\/carna4-Pequeno-300x200.jpg 300w, https:\/\/jorgezanoni.com.br\/2019\/wp-content\/uploads\/2024\/02\/carna4-Pequeno-696x464.jpg 696w, https:\/\/jorgezanoni.com.br\/2019\/wp-content\/uploads\/2024\/02\/carna4-Pequeno-630x420.jpg 630w\" sizes=\"auto, (max-width: 720px) 100vw, 720px\" \/> <img loading=\"lazy\" decoding=\"async\" class=\"alignnone size-full wp-image-84206\" src=\"https:\/\/jorgezanoni.com.br\/2019\/wp-content\/uploads\/2024\/02\/carna5-Pequeno.jpg\" alt=\"\" width=\"722\" height=\"480\" srcset=\"https:\/\/jorgezanoni.com.br\/2019\/wp-content\/uploads\/2024\/02\/carna5-Pequeno.jpg 722w, https:\/\/jorgezanoni.com.br\/2019\/wp-content\/uploads\/2024\/02\/carna5-Pequeno-300x199.jpg 300w, https:\/\/jorgezanoni.com.br\/2019\/wp-content\/uploads\/2024\/02\/carna5-Pequeno-696x463.jpg 696w, https:\/\/jorgezanoni.com.br\/2019\/wp-content\/uploads\/2024\/02\/carna5-Pequeno-632x420.jpg 632w\" sizes=\"auto, (max-width: 722px) 100vw, 722px\" \/> <img loading=\"lazy\" decoding=\"async\" class=\"alignnone size-full wp-image-84207\" src=\"https:\/\/jorgezanoni.com.br\/2019\/wp-content\/uploads\/2024\/02\/carna6-Pequeno.jpg\" alt=\"\" width=\"722\" height=\"480\" srcset=\"https:\/\/jorgezanoni.com.br\/2019\/wp-content\/uploads\/2024\/02\/carna6-Pequeno.jpg 722w, https:\/\/jorgezanoni.com.br\/2019\/wp-content\/uploads\/2024\/02\/carna6-Pequeno-300x199.jpg 300w, https:\/\/jorgezanoni.com.br\/2019\/wp-content\/uploads\/2024\/02\/carna6-Pequeno-696x463.jpg 696w, https:\/\/jorgezanoni.com.br\/2019\/wp-content\/uploads\/2024\/02\/carna6-Pequeno-632x420.jpg 632w\" sizes=\"auto, (max-width: 722px) 100vw, 722px\" \/> <img loading=\"lazy\" decoding=\"async\" class=\"alignnone size-full wp-image-84208\" src=\"https:\/\/jorgezanoni.com.br\/2019\/wp-content\/uploads\/2024\/02\/carna7-Pequeno.jpg\" alt=\"\" width=\"722\" height=\"480\" srcset=\"https:\/\/jorgezanoni.com.br\/2019\/wp-content\/uploads\/2024\/02\/carna7-Pequeno.jpg 722w, https:\/\/jorgezanoni.com.br\/2019\/wp-content\/uploads\/2024\/02\/carna7-Pequeno-300x199.jpg 300w, https:\/\/jorgezanoni.com.br\/2019\/wp-content\/uploads\/2024\/02\/carna7-Pequeno-696x463.jpg 696w, https:\/\/jorgezanoni.com.br\/2019\/wp-content\/uploads\/2024\/02\/carna7-Pequeno-632x420.jpg 632w\" sizes=\"auto, (max-width: 722px) 100vw, 722px\" \/>Fonte: Assessoria de Imprensa<\/p>\n<p>&nbsp;<\/p>\n","protected":false},"excerpt":{"rendered":"<p>Hoje, s\u00e1bado (dia 03), vai ter o pr\u00e9-carnaval do Bloco Calang@s d&#8217;Oeste, na Pra\u00e7a Rotary aqui em Dracena, \u00e0s 17h30. Um evento gratuito, com m\u00fasica ao vivo, para todos os p\u00fablicos de todas as idades. Todos est\u00e3o convidados! Uma parceria entre comunidade, patrocinadores e as Prefeituras de Dracena e Tupi\u00a0Paulista proporcionar\u00e1 \u00e0 popula\u00e7\u00e3o da Nova [&hellip;]<\/p>\n","protected":false},"author":1,"featured_media":84209,"comment_status":"closed","ping_status":"open","sticky":false,"template":"","format":"standard","meta":{"footnotes":""},"categories":[111,110],"tags":[],"class_list":["post-84196","post","type-post","status-publish","format-standard","has-post-thumbnail","hentry","category-esporteecultura","category-noticiasdestaque"],"_links":{"self":[{"href":"https:\/\/jorgezanoni.com.br\/2019\/wp-json\/wp\/v2\/posts\/84196","targetHints":{"allow":["GET"]}}],"collection":[{"href":"https:\/\/jorgezanoni.com.br\/2019\/wp-json\/wp\/v2\/posts"}],"about":[{"href":"https:\/\/jorgezanoni.com.br\/2019\/wp-json\/wp\/v2\/types\/post"}],"author":[{"embeddable":true,"href":"https:\/\/jorgezanoni.com.br\/2019\/wp-json\/wp\/v2\/users\/1"}],"replies":[{"embeddable":true,"href":"https:\/\/jorgezanoni.com.br\/2019\/wp-json\/wp\/v2\/comments?post=84196"}],"version-history":[{"count":1,"href":"https:\/\/jorgezanoni.com.br\/2019\/wp-json\/wp\/v2\/posts\/84196\/revisions"}],"predecessor-version":[{"id":84210,"href":"https:\/\/jorgezanoni.com.br\/2019\/wp-json\/wp\/v2\/posts\/84196\/revisions\/84210"}],"wp:featuredmedia":[{"embeddable":true,"href":"https:\/\/jorgezanoni.com.br\/2019\/wp-json\/wp\/v2\/media\/84209"}],"wp:attachment":[{"href":"https:\/\/jorgezanoni.com.br\/2019\/wp-json\/wp\/v2\/media?parent=84196"}],"wp:term":[{"taxonomy":"category","embeddable":true,"href":"https:\/\/jorgezanoni.com.br\/2019\/wp-json\/wp\/v2\/categories?post=84196"},{"taxonomy":"post_tag","embeddable":true,"href":"https:\/\/jorgezanoni.com.br\/2019\/wp-json\/wp\/v2\/tags?post=84196"}],"curies":[{"name":"wp","href":"https:\/\/api.w.org\/{rel}","templated":true}]}}