{"id":84167,"date":"2024-02-02T15:46:00","date_gmt":"2024-02-02T15:46:00","guid":{"rendered":"https:\/\/jorgezanoni.com.br\/2019\/?p=84167"},"modified":"2024-02-02T15:46:00","modified_gmt":"2024-02-02T15:46:00","slug":"major-pm-marcelo-cavalcante-apresentou-defesa-final-da-tese-de-doutorado-em-sao-paulo","status":"publish","type":"post","link":"https:\/\/jorgezanoni.com.br\/2019\/major-pm-marcelo-cavalcante-apresentou-defesa-final-da-tese-de-doutorado-em-sao-paulo\/","title":{"rendered":"Major PM Marcelo Cavalcante apresentou defesa final da Tese de Doutorado em S\u00e3o Paulo"},"content":{"rendered":"<p style=\"text-align: justify;\">Na manh\u00e3 desta quarta-feira, 31, o Major PM Marcelo Cavalcante, Subcomandante do 25BPM\/I, apresentou, na sede da Secretaria da Seguran\u00e7a P\u00fablica, em S\u00e3o Paulo\/SP, a Defesa Final da sua Tese de Doutorado, do Curso Superior de Pol\u00edcia.<\/p>\n<p style=\"text-align: justify;\">O Tema &#8220;Efeito da Bonifica\u00e7\u00e3o por Resultados nos indicadores de criminalidade e a tangibilidade de metas &#8220;zero&#8221;&#8221; na regi\u00e3o do CPI-8 foi avaliado por Coron\u00e9is e Oficiais Superiores, tamb\u00e9m Doutores, e com vasto conhecimento profissional na \u00e1rea.<\/p>\n<p style=\"text-align: justify;\">O Major Cavalcante obteve nota m\u00e1xima em sua apresenta\u00e7\u00e3o, encerrando o ciclo de estudos e tornando-se apto a receber a Certifica\u00e7\u00e3o de Doutor em Ci\u00eancias Policiais de Seguran\u00e7a P\u00fablica, em cerim\u00f4nia a ser realizada no Pal\u00e1cio dos Bandeirantes no pr\u00f3ximo dia 08 de mar\u00e7o.<\/p>\n<p style=\"text-align: justify;\">A certifica\u00e7\u00e3o \u00e9 o maior n\u00edvel de conhecimento disponibilizado pela Pol\u00edcia Militar do Estado de S\u00e3o Paulo mediante concurso, e que habilita \u00e0 promo\u00e7\u00e3o ao maior posto da Corpora\u00e7\u00e3o, que \u00e9 Coronel.<\/p>\n<p>Fonte: Com. Social Pol\u00edcia Militar<\/p>\n","protected":false},"excerpt":{"rendered":"<p>Na manh\u00e3 desta quarta-feira, 31, o Major PM Marcelo Cavalcante, Subcomandante do 25BPM\/I, apresentou, na sede da Secretaria da Seguran\u00e7a P\u00fablica, em S\u00e3o Paulo\/SP, a Defesa Final da sua Tese de Doutorado, do Curso Superior de Pol\u00edcia. O Tema &#8220;Efeito da Bonifica\u00e7\u00e3o por Resultados nos indicadores de criminalidade e a tangibilidade de metas &#8220;zero&#8221;&#8221; na [&hellip;]<\/p>\n","protected":false},"author":1,"featured_media":84168,"comment_status":"closed","ping_status":"open","sticky":false,"template":"","format":"standard","meta":{"footnotes":""},"categories":[110,2],"tags":[],"class_list":["post-84167","post","type-post","status-publish","format-standard","has-post-thumbnail","hentry","category-noticiasdestaque","category-policial"],"_links":{"self":[{"href":"https:\/\/jorgezanoni.com.br\/2019\/wp-json\/wp\/v2\/posts\/84167","targetHints":{"allow":["GET"]}}],"collection":[{"href":"https:\/\/jorgezanoni.com.br\/2019\/wp-json\/wp\/v2\/posts"}],"about":[{"href":"https:\/\/jorgezanoni.com.br\/2019\/wp-json\/wp\/v2\/types\/post"}],"author":[{"embeddable":true,"href":"https:\/\/jorgezanoni.com.br\/2019\/wp-json\/wp\/v2\/users\/1"}],"replies":[{"embeddable":true,"href":"https:\/\/jorgezanoni.com.br\/2019\/wp-json\/wp\/v2\/comments?post=84167"}],"version-history":[{"count":1,"href":"https:\/\/jorgezanoni.com.br\/2019\/wp-json\/wp\/v2\/posts\/84167\/revisions"}],"predecessor-version":[{"id":84169,"href":"https:\/\/jorgezanoni.com.br\/2019\/wp-json\/wp\/v2\/posts\/84167\/revisions\/84169"}],"wp:featuredmedia":[{"embeddable":true,"href":"https:\/\/jorgezanoni.com.br\/2019\/wp-json\/wp\/v2\/media\/84168"}],"wp:attachment":[{"href":"https:\/\/jorgezanoni.com.br\/2019\/wp-json\/wp\/v2\/media?parent=84167"}],"wp:term":[{"taxonomy":"category","embeddable":true,"href":"https:\/\/jorgezanoni.com.br\/2019\/wp-json\/wp\/v2\/categories?post=84167"},{"taxonomy":"post_tag","embeddable":true,"href":"https:\/\/jorgezanoni.com.br\/2019\/wp-json\/wp\/v2\/tags?post=84167"}],"curies":[{"name":"wp","href":"https:\/\/api.w.org\/{rel}","templated":true}]}}