{"id":84122,"date":"2024-01-31T16:21:38","date_gmt":"2024-01-31T16:21:38","guid":{"rendered":"https:\/\/jorgezanoni.com.br\/2019\/?p=84122"},"modified":"2024-01-31T16:23:22","modified_gmt":"2024-01-31T16:23:22","slug":"policia-militar-apreende-adolescente-pora-ato-infracional-de-trafico-de-drogas-em-ouro-verde","status":"publish","type":"post","link":"https:\/\/jorgezanoni.com.br\/2019\/policia-militar-apreende-adolescente-pora-ato-infracional-de-trafico-de-drogas-em-ouro-verde\/","title":{"rendered":"Pol\u00edcia Militar apreende adolescente por ato infracional de Tr\u00e1fico de Drogas em Ouro Verde"},"content":{"rendered":"<p style=\"text-align: justify;\">Na data de ontem (30) policiais militares do 25\u00ba Batalh\u00e3o de Pol\u00edcia Militar do Interior ap\u00f3s den\u00fancias que o menor (adolescente 16 anos) realizava venda de drogas em sua resid\u00eancia em Ouro Verde, sendo abordado no momento que realizava a venda para um indiv\u00edduo (homem 23 anos), sendo localizado com ele (02 por\u00e7\u00f5es de droga maconha) bem como ainda localizado mais na resid\u00eancia totalizando 09 por\u00e7\u00f5es 0,014kg bem como R$ 165,00. Diante dos fatos os indiv\u00edduos foram conduzidos ao Plant\u00e3o de Pol\u00edcia Judici\u00e1ria de Dracena e o adolescente permaneceu \u00e0 disposi\u00e7\u00e3o da Justi\u00e7a.<\/p>\n<p>Fonte: Com. Pol\u00edcia Militar<\/p>\n","protected":false},"excerpt":{"rendered":"<p>Na data de ontem (30) policiais militares do 25\u00ba Batalh\u00e3o de Pol\u00edcia Militar do Interior ap\u00f3s den\u00fancias que o menor (adolescente 16 anos) realizava venda de drogas em sua resid\u00eancia em Ouro Verde, sendo abordado no momento que realizava a venda para um indiv\u00edduo (homem 23 anos), sendo localizado com ele (02 por\u00e7\u00f5es de droga [&hellip;]<\/p>\n","protected":false},"author":1,"featured_media":84123,"comment_status":"closed","ping_status":"open","sticky":false,"template":"","format":"standard","meta":{"footnotes":""},"categories":[110,2],"tags":[],"class_list":["post-84122","post","type-post","status-publish","format-standard","has-post-thumbnail","hentry","category-noticiasdestaque","category-policial"],"_links":{"self":[{"href":"https:\/\/jorgezanoni.com.br\/2019\/wp-json\/wp\/v2\/posts\/84122","targetHints":{"allow":["GET"]}}],"collection":[{"href":"https:\/\/jorgezanoni.com.br\/2019\/wp-json\/wp\/v2\/posts"}],"about":[{"href":"https:\/\/jorgezanoni.com.br\/2019\/wp-json\/wp\/v2\/types\/post"}],"author":[{"embeddable":true,"href":"https:\/\/jorgezanoni.com.br\/2019\/wp-json\/wp\/v2\/users\/1"}],"replies":[{"embeddable":true,"href":"https:\/\/jorgezanoni.com.br\/2019\/wp-json\/wp\/v2\/comments?post=84122"}],"version-history":[{"count":2,"href":"https:\/\/jorgezanoni.com.br\/2019\/wp-json\/wp\/v2\/posts\/84122\/revisions"}],"predecessor-version":[{"id":84125,"href":"https:\/\/jorgezanoni.com.br\/2019\/wp-json\/wp\/v2\/posts\/84122\/revisions\/84125"}],"wp:featuredmedia":[{"embeddable":true,"href":"https:\/\/jorgezanoni.com.br\/2019\/wp-json\/wp\/v2\/media\/84123"}],"wp:attachment":[{"href":"https:\/\/jorgezanoni.com.br\/2019\/wp-json\/wp\/v2\/media?parent=84122"}],"wp:term":[{"taxonomy":"category","embeddable":true,"href":"https:\/\/jorgezanoni.com.br\/2019\/wp-json\/wp\/v2\/categories?post=84122"},{"taxonomy":"post_tag","embeddable":true,"href":"https:\/\/jorgezanoni.com.br\/2019\/wp-json\/wp\/v2\/tags?post=84122"}],"curies":[{"name":"wp","href":"https:\/\/api.w.org\/{rel}","templated":true}]}}