{"id":84099,"date":"2024-01-30T11:29:12","date_gmt":"2024-01-30T11:29:12","guid":{"rendered":"https:\/\/jorgezanoni.com.br\/2019\/?p=84099"},"modified":"2024-01-30T11:29:12","modified_gmt":"2024-01-30T11:29:12","slug":"policia-civil-cumpre-mandado-de-internacao-contra-suspeito-de-envolvimento-em-crime-de-trafico-de-drogas-em-junqueiropolis","status":"publish","type":"post","link":"https:\/\/jorgezanoni.com.br\/2019\/policia-civil-cumpre-mandado-de-internacao-contra-suspeito-de-envolvimento-em-crime-de-trafico-de-drogas-em-junqueiropolis\/","title":{"rendered":"Pol\u00edcia Civil cumpre mandado de interna\u00e7\u00e3o contra suspeito de envolvimento em crime de Tr\u00e1fico de Drogas em Junqueir\u00f3polis"},"content":{"rendered":"<p style=\"text-align: justify;\">POL\u00cdCIA CIVIL CUMPRE MANDADO DE INTERNA\u00c7\u00c3O CONTRA SUSPEITO DE ENVOLVIMENTO EM CRIME DE TR\u00c1FICO DE DROGAS EM JUNQUEIR\u00d3POLIS.<\/p>\n<p style=\"text-align: justify;\">A Pol\u00edcia Civil, por interm\u00e9dio da Delegacia de Pol\u00edcia de Junqueir\u00f3polis, apreendeu nesta segunda-feira (29) um jovem que atingiu a maioridade penal recentemente. O mandado de busca e apreens\u00e3o foi executado na resid\u00eancia do infrator, situada no bairro Jardim Alvorada, em Junqueir\u00f3polis (SP).<\/p>\n<p style=\"text-align: justify;\">Durante a a\u00e7\u00e3o policial, o suspeito, que completou 18 anos na \u00faltima quarta-feira (24), n\u00e3o op\u00f4s resist\u00eancia \u00e0 a\u00e7\u00e3o policial. Contra o detido, havia um mandado de interna\u00e7\u00e3o expedido pelo Ju\u00edzo da Vara \u00danica da Comarca de Junqueir\u00f3polis, em raz\u00e3o da pr\u00e1tica de ato infracional an\u00e1logo ao crime de tr\u00e1fico de drogas, cometido antes de atingir a maioridade.<\/p>\n<p style=\"text-align: justify;\">O infrator foi conduzido \u00e0 Delegacia de Pol\u00edcia de Junqueir\u00f3polis, onde o mandado de interna\u00e7\u00e3o foi cumprido. Ap\u00f3s a conclus\u00e3o dos procedimentos de Pol\u00edcia Judici\u00e1ria, o acusado foi transferido para uma unidade da Funda\u00e7\u00e3o Casa. Mesmo tendo alcan\u00e7ado a maioridade, o suspeito ter\u00e1 que cumprir as medidas socioeducativas, conforme estabelecido pelo Estatuto da Crian\u00e7a e do Adolescente.<\/p>\n<p>Fonte: Com. Social Pol\u00edcia Civil<\/p>\n","protected":false},"excerpt":{"rendered":"<p>POL\u00cdCIA CIVIL CUMPRE MANDADO DE INTERNA\u00c7\u00c3O CONTRA SUSPEITO DE ENVOLVIMENTO EM CRIME DE TR\u00c1FICO DE DROGAS EM JUNQUEIR\u00d3POLIS. A Pol\u00edcia Civil, por interm\u00e9dio da Delegacia de Pol\u00edcia de Junqueir\u00f3polis, apreendeu nesta segunda-feira (29) um jovem que atingiu a maioridade penal recentemente. O mandado de busca e apreens\u00e3o foi executado na resid\u00eancia do infrator, situada no [&hellip;]<\/p>\n","protected":false},"author":1,"featured_media":84100,"comment_status":"closed","ping_status":"open","sticky":false,"template":"","format":"standard","meta":{"footnotes":""},"categories":[110,2],"tags":[],"class_list":["post-84099","post","type-post","status-publish","format-standard","has-post-thumbnail","hentry","category-noticiasdestaque","category-policial"],"_links":{"self":[{"href":"https:\/\/jorgezanoni.com.br\/2019\/wp-json\/wp\/v2\/posts\/84099","targetHints":{"allow":["GET"]}}],"collection":[{"href":"https:\/\/jorgezanoni.com.br\/2019\/wp-json\/wp\/v2\/posts"}],"about":[{"href":"https:\/\/jorgezanoni.com.br\/2019\/wp-json\/wp\/v2\/types\/post"}],"author":[{"embeddable":true,"href":"https:\/\/jorgezanoni.com.br\/2019\/wp-json\/wp\/v2\/users\/1"}],"replies":[{"embeddable":true,"href":"https:\/\/jorgezanoni.com.br\/2019\/wp-json\/wp\/v2\/comments?post=84099"}],"version-history":[{"count":1,"href":"https:\/\/jorgezanoni.com.br\/2019\/wp-json\/wp\/v2\/posts\/84099\/revisions"}],"predecessor-version":[{"id":84101,"href":"https:\/\/jorgezanoni.com.br\/2019\/wp-json\/wp\/v2\/posts\/84099\/revisions\/84101"}],"wp:featuredmedia":[{"embeddable":true,"href":"https:\/\/jorgezanoni.com.br\/2019\/wp-json\/wp\/v2\/media\/84100"}],"wp:attachment":[{"href":"https:\/\/jorgezanoni.com.br\/2019\/wp-json\/wp\/v2\/media?parent=84099"}],"wp:term":[{"taxonomy":"category","embeddable":true,"href":"https:\/\/jorgezanoni.com.br\/2019\/wp-json\/wp\/v2\/categories?post=84099"},{"taxonomy":"post_tag","embeddable":true,"href":"https:\/\/jorgezanoni.com.br\/2019\/wp-json\/wp\/v2\/tags?post=84099"}],"curies":[{"name":"wp","href":"https:\/\/api.w.org\/{rel}","templated":true}]}}