{"id":8408,"date":"2019-10-10T02:48:54","date_gmt":"2019-10-10T02:48:54","guid":{"rendered":"https:\/\/jorgezanoni.com.br\/2019\/?p=8408"},"modified":"2019-10-10T02:48:54","modified_gmt":"2019-10-10T02:48:54","slug":"falecimentos-09-10-19","status":"publish","type":"post","link":"https:\/\/jorgezanoni.com.br\/2019\/falecimentos-09-10-19\/","title":{"rendered":"Falecimentos 09\/10\/19"},"content":{"rendered":"<p>Apr\u00edgio Ara\u00fajo e Jos\u00e9 Milton Ferreira<img loading=\"lazy\" decoding=\"async\" class=\"alignnone size-full wp-image-8410\" src=\"https:\/\/jorgezanoni.com.br\/2019\/wp-content\/uploads\/2019\/10\/Apr\u00edgio-de-Ara\u00fajo-1.jpg\" alt=\"\" width=\"2048\" height=\"1574\" srcset=\"https:\/\/jorgezanoni.com.br\/2019\/wp-content\/uploads\/2019\/10\/Apr\u00edgio-de-Ara\u00fajo-1.jpg 2048w, https:\/\/jorgezanoni.com.br\/2019\/wp-content\/uploads\/2019\/10\/Apr\u00edgio-de-Ara\u00fajo-1-300x231.jpg 300w, https:\/\/jorgezanoni.com.br\/2019\/wp-content\/uploads\/2019\/10\/Apr\u00edgio-de-Ara\u00fajo-1-768x590.jpg 768w, https:\/\/jorgezanoni.com.br\/2019\/wp-content\/uploads\/2019\/10\/Apr\u00edgio-de-Ara\u00fajo-1-1024x787.jpg 1024w, https:\/\/jorgezanoni.com.br\/2019\/wp-content\/uploads\/2019\/10\/Apr\u00edgio-de-Ara\u00fajo-1-80x60.jpg 80w, https:\/\/jorgezanoni.com.br\/2019\/wp-content\/uploads\/2019\/10\/Apr\u00edgio-de-Ara\u00fajo-1-696x535.jpg 696w, https:\/\/jorgezanoni.com.br\/2019\/wp-content\/uploads\/2019\/10\/Apr\u00edgio-de-Ara\u00fajo-1-1068x821.jpg 1068w, https:\/\/jorgezanoni.com.br\/2019\/wp-content\/uploads\/2019\/10\/Apr\u00edgio-de-Ara\u00fajo-1-546x420.jpg 546w\" sizes=\"auto, (max-width: 2048px) 100vw, 2048px\" \/><\/p>\n","protected":false},"excerpt":{"rendered":"<p>Apr\u00edgio Ara\u00fajo e Jos\u00e9 Milton Ferreira<\/p>\n","protected":false},"author":1,"featured_media":8411,"comment_status":"closed","ping_status":"open","sticky":false,"template":"","format":"standard","meta":{"footnotes":""},"categories":[178],"tags":[],"class_list":["post-8408","post","type-post","status-publish","format-standard","has-post-thumbnail","hentry","category-notadefalecimento"],"_links":{"self":[{"href":"https:\/\/jorgezanoni.com.br\/2019\/wp-json\/wp\/v2\/posts\/8408","targetHints":{"allow":["GET"]}}],"collection":[{"href":"https:\/\/jorgezanoni.com.br\/2019\/wp-json\/wp\/v2\/posts"}],"about":[{"href":"https:\/\/jorgezanoni.com.br\/2019\/wp-json\/wp\/v2\/types\/post"}],"author":[{"embeddable":true,"href":"https:\/\/jorgezanoni.com.br\/2019\/wp-json\/wp\/v2\/users\/1"}],"replies":[{"embeddable":true,"href":"https:\/\/jorgezanoni.com.br\/2019\/wp-json\/wp\/v2\/comments?post=8408"}],"version-history":[{"count":0,"href":"https:\/\/jorgezanoni.com.br\/2019\/wp-json\/wp\/v2\/posts\/8408\/revisions"}],"wp:featuredmedia":[{"embeddable":true,"href":"https:\/\/jorgezanoni.com.br\/2019\/wp-json\/wp\/v2\/media\/8411"}],"wp:attachment":[{"href":"https:\/\/jorgezanoni.com.br\/2019\/wp-json\/wp\/v2\/media?parent=8408"}],"wp:term":[{"taxonomy":"category","embeddable":true,"href":"https:\/\/jorgezanoni.com.br\/2019\/wp-json\/wp\/v2\/categories?post=8408"},{"taxonomy":"post_tag","embeddable":true,"href":"https:\/\/jorgezanoni.com.br\/2019\/wp-json\/wp\/v2\/tags?post=8408"}],"curies":[{"name":"wp","href":"https:\/\/api.w.org\/{rel}","templated":true}]}}