{"id":84060,"date":"2024-01-29T15:37:56","date_gmt":"2024-01-29T15:37:56","guid":{"rendered":"https:\/\/jorgezanoni.com.br\/2019\/?p=84060"},"modified":"2024-01-29T15:37:56","modified_gmt":"2024-01-29T15:37:56","slug":"sicredi-neutraliza-emissoes-de-carbono","status":"publish","type":"post","link":"https:\/\/jorgezanoni.com.br\/2019\/sicredi-neutraliza-emissoes-de-carbono\/","title":{"rendered":"Sicredi neutraliza emiss\u00f5es de carbono"},"content":{"rendered":"<p style=\"text-align: justify;\"><strong><i>Iniciativa foi realizada por meio de apoio a projetos de diferentes regi\u00f5es do pa\u00eds, neutralizando as emiss\u00f5es relativas a 2022 e 2023.<\/i><\/strong><\/p>\n<p style=\"text-align: justify;\">Integrante do Pacto Global das Na\u00e7\u00f5es Unidas (ONU), o Sicredi realizou a neutraliza\u00e7\u00e3o das emiss\u00f5es calculadas no seu Invent\u00e1rio de Gases de Efeito Estufa de 2022 e projetadas para o ano de 2023. Ao todo, foram neutralizadas 34.565 toneladas de carbono provenientes da opera\u00e7\u00e3o de todas as sedes administrativas e ag\u00eancias. A neutraliza\u00e7\u00e3o foi realizada por meio de apoio a sete projetos de cr\u00e9ditos de carbono de diferentes regi\u00f5es do Brasil.<\/p>\n<p style=\"text-align: justify;\">Pelo segundo ano consecutivo, a estrat\u00e9gia do Sicredi \u00e9 neutralizar as emiss\u00f5es do ano anterior e adiantar a compensa\u00e7\u00e3o daquelas previstas ao per\u00edodo em vigor. Foram adquiridos cr\u00e9ditos de carbono das seguintes iniciativas: projeto Buenos Aires, em Pernambuco; projeto Reunidas, no Tocantins; projeto Unitor REDD+, no Amazonas; projeto Compostagem, em Santa Catarina; projeto BT Geradora, no Rio Grande do Sul; projeto PCH Itagua\u00e7u, no Paran\u00e1 e projeto Tamba\u00fa, Pedras e Rio do Sapo, com Pequenas Centrais Hidrel\u00e9tricas (PCHs) no Rio Grande do Sul, em Santa Catarina e no Mato Grosso, respectivamente. Todos os projetos\u00a0s\u00e3o executados com base nas melhores pr\u00e1ticas, com auditoria e certifica\u00e7\u00e3o de organiza\u00e7\u00f5es reconhecidas mundialmente.<\/p>\n<p style=\"text-align: justify;\">&#8220;A nossa principal motiva\u00e7\u00e3o \u00e9 apoiar projetos que resultam em impactos positivos \u00e0s comunidades, oferecendo benef\u00edcios sociais, ambientais e econ\u00f4micos e refletindo em contribui\u00e7\u00f5es para os Objetivos de Desenvolvimento Sustent\u00e1vel da ONU. Al\u00e9m disso, os projetos dialogam com a nossa estrat\u00e9gia de sustentabilidade, contribuindo com a nossa premissa de integra\u00e7\u00e3o com as regi\u00f5es onde estamos presentes&#8221;, afirma Alexandre Barbosa, diretor-executivo de Sustentabilidade, Administra\u00e7\u00e3o e Finan\u00e7as do Sicredi.<\/p>\n<p style=\"text-align: justify;\">Por meio do seu Programa de Ecoefici\u00eancia e Mudan\u00e7as Clim\u00e1ticas, a institui\u00e7\u00e3o busca uma evolu\u00e7\u00e3o constante da gest\u00e3o de emiss\u00e3o de gases de efeito estufa. Um exemplo dessas a\u00e7\u00f5es \u00e9 a utiliza\u00e7\u00e3o (que envolve compra ou autogera\u00e7\u00e3o) de energia el\u00e9trica de fonte renov\u00e1vel, que, somente em 2022, evitou a emiss\u00e3o de mais de 800 toneladas de carbono na atmosfera.<\/p>\n<p style=\"text-align: justify;\">&#8220;O setor financeiro tem um papel muito importante para colaborar mundialmente na transi\u00e7\u00e3o para uma economia de baixo carbono.\u00a0 A partir da mensura\u00e7\u00e3o do impacto das atividades que financiamos, poderemos contribuir cada vez mais com uma agenda positiva de combate \u00e0s mudan\u00e7as clim\u00e1ticas ao mesmo tempo em que colaboramos com o desenvolvimento dos nossos associados e suas localidades&#8221;, ressalta Barbosa.<\/p>\n<p style=\"text-align: justify;\"><strong>Selo Clima Paran\u00e1\u00a0<\/strong><\/p>\n<p style=\"text-align: justify;\">As a\u00e7\u00f5es sustent\u00e1veis das cooperativas Sicredi no Paran\u00e1 foram reconhecidas pelo Selo Clima Paran\u00e1, pelo terceiro ano consecutivo. A certifica\u00e7\u00e3o foi concedida\u00a0 pela Secretaria do Desenvolvimento Sustent\u00e1vel e do Turismo (Sedest), no final de 2023 e destacou institui\u00e7\u00f5es por suas atividades em prol da sustentabilidade. Por meio da gest\u00e3o ecoeficiente e pr\u00e1ticas de governan\u00e7a, o Sicredi garantiu o selo da &#8220;Categoria A &#8211; Mercado Interno&#8221;, destinada \u00e0s institui\u00e7\u00f5es com as maiores pontua\u00e7\u00f5es de acordo com uma metodologia pr\u00f3pria de an\u00e1lise dos projetos inscritos.<\/p>\n<p style=\"text-align: justify;\">As cooperativas do Sicredi nos estados do Paran\u00e1, S\u00e3o Paulo e Rio de Janeiro desenvolvem estrat\u00e9gias cont\u00ednuas de ecoefici\u00eancia. Isso envolve o invent\u00e1rio dos gases de efeito estufa, publica\u00e7\u00e3o e a\u00e7\u00f5es de compensa\u00e7\u00e3o de carbono da atua\u00e7\u00e3o das ag\u00eancias e sedes das cooperativas, abrangendo uma ampla variedade de a\u00e7\u00f5es, desde o plantio de \u00e1rvores e a compra de cr\u00e9ditos de carbono certificados at\u00e9 a recupera\u00e7\u00e3o de \u00e1reas degradadas e conserva\u00e7\u00e3o de floresta nativa.<\/p>\n<p style=\"text-align: justify;\"><strong>Programa Metano Evitado Sicredi\u00a0<\/strong><\/p>\n<p style=\"text-align: justify;\">Em 2023, o Programa Metano Evitado Sicredi, iniciativa que conta com a consultoria da Amar Sustentabilidade e a Kryia Ecologic SPE, foi um dos destaques. A a\u00e7\u00e3o realizada pelas cooperativas que integram a Central Sicredi PR\/SP\/RJ promove a gera\u00e7\u00e3o de cr\u00e9ditos de carbono na suinocultura e bovinocultura de leite em propriedades de produtores rurais associados. O projeto ainda incentiva o uso de tecnologias que evitam a gera\u00e7\u00e3o de metano a partir dos dejetos org\u00e2nicos.<\/p>\n<p style=\"text-align: justify;\">Para saber mais sobre a estrat\u00e9gia de Mudan\u00e7as Clim\u00e1ticas do Sicrediem todo o pa\u00eds acesse:\u00a0<a href=\"https:\/\/www.sicredi.com.br\/site\/sobre-nos\/sustentabilidade\/mudancas-climaticas\/\" target=\"_blank\" rel=\"noopener noreferrer\">https:\/\/www.sicredi.com.br\/site\/sobre-nos\/sustentabilidade\/mudancas-climaticas\/<\/a><\/p>\n<p style=\"text-align: justify;\"><em><b>Sobre o Sicredi<\/b><\/em><\/p>\n<p class=\"v1MsoNormal\" style=\"text-align: justify;\"><i>O Sicredi \u00e9 uma institui\u00e7\u00e3o financeira cooperativa comprometida com o crescimento de seus associados e com o desenvolvimento das regi\u00f5es onde atua. Possui um modelo de gest\u00e3o que valoriza a participa\u00e7\u00e3o dos mais de 7,5 milh\u00f5es de associados, que exercem o papel de donos do neg\u00f3cio. Com mais de 2.600 ag\u00eancias, o Sicredi est\u00e1 presente fisicamente em todos os estados brasileiros e no Distrito Federal, disponibilizando uma gama completa de solu\u00e7\u00f5es financeiras e n\u00e3o financeiras.<\/i><\/p>\n<p class=\"v1MsoNormal\"><b><i>Site do Sicredi:\u00a0<a href=\"http:\/\/www.sicredi.com.br\/\" target=\"_blank\" rel=\"noopener noreferrer\">www.sicredi.com.br<\/a><\/i><\/b><\/p>\n<p class=\"v1MsoNormal\"><b><i>Redes Sociais:\u00a0<\/i><\/b><em><b><u><span lang=\"EN-US\"><a href=\"http:\/\/www.facebook.com\/sicredicentrooestepaulista\" target=\"_blank\" rel=\"noopener noreferrer\"><i><span lang=\"PT-BR\">Facebook<\/span><\/i><\/a><\/span><\/u><\/b><\/em><em>\u00a0|<\/em>\u00a0<em><b><u><span lang=\"EN-US\"><a href=\"https:\/\/www.linkedin.com\/company\/sicredi-centro-oeste-paulista\/\" target=\"_blank\" rel=\"noopener noreferrer\"><i><span lang=\"PT-BR\">LinkedIn<\/span><\/i><\/a><\/span><\/u><\/b><\/em><em>\u00a0|<\/em>\u00a0<em><b><u><span lang=\"EN-US\"><a href=\"http:\/\/www.youtube.com\/sicredicentrooestepaulista\" target=\"_blank\" rel=\"noopener noreferrer\"><i><span lang=\"PT-BR\">YouTube<\/span><\/i><\/a><\/span><\/u><\/b><\/em><span lang=\"EN-US\">\u00a0<\/span><em>|\u00a0<\/em><em><b><u><span lang=\"EN-US\"><a href=\"http:\/\/www.instagram.com\/sicredicentrooestepaulista\" target=\"_blank\" rel=\"noopener noreferrer\"><i><span lang=\"PT-BR\">Instagram<\/span><\/i><\/a><\/span><\/u><\/b><\/em><\/p>\n<p style=\"text-align: justify;\">CAPA: Foram neutralizadas 34.565 toneladas de carbono provenientes da opera\u00e7\u00e3o de todas as sedes administrativas e ag\u00eancias do Sicredi<br \/>\n<i>Cr\u00e9ditos: divulga\u00e7\u00e3o<\/i><\/p>\n<p style=\"text-align: justify;\"><img loading=\"lazy\" decoding=\"async\" class=\"alignnone size-full wp-image-84061\" src=\"https:\/\/jorgezanoni.com.br\/2019\/wp-content\/uploads\/2024\/01\/Selo-Clima-Parana-2023-Pequeno.jpg\" alt=\"\" width=\"853\" height=\"480\" srcset=\"https:\/\/jorgezanoni.com.br\/2019\/wp-content\/uploads\/2024\/01\/Selo-Clima-Parana-2023-Pequeno.jpg 853w, https:\/\/jorgezanoni.com.br\/2019\/wp-content\/uploads\/2024\/01\/Selo-Clima-Parana-2023-Pequeno-300x169.jpg 300w, https:\/\/jorgezanoni.com.br\/2019\/wp-content\/uploads\/2024\/01\/Selo-Clima-Parana-2023-Pequeno-768x432.jpg 768w, https:\/\/jorgezanoni.com.br\/2019\/wp-content\/uploads\/2024\/01\/Selo-Clima-Parana-2023-Pequeno-696x392.jpg 696w, https:\/\/jorgezanoni.com.br\/2019\/wp-content\/uploads\/2024\/01\/Selo-Clima-Parana-2023-Pequeno-746x420.jpg 746w\" sizes=\"auto, (max-width: 853px) 100vw, 853px\" \/>As a\u00e7\u00f5es sustent\u00e1veis das cooperativas Sicredi no Paran\u00e1 foram reconhecidas pelo Selo Clima Paran\u00e1, pelo terceiro ano consecutivo.\u00a0<i>Cr\u00e9ditos: divulga\u00e7\u00e3o<\/i><\/p>\n<p style=\"text-align: justify;\"><img loading=\"lazy\" decoding=\"async\" class=\"alignnone size-full wp-image-84062\" src=\"https:\/\/jorgezanoni.com.br\/2019\/wp-content\/uploads\/2024\/01\/0717-Ribeirao-do-Pinhal-PR-Programa-METANO-EVITADO-Area-Pequeno.jpg\" alt=\"\" width=\"853\" height=\"480\" srcset=\"https:\/\/jorgezanoni.com.br\/2019\/wp-content\/uploads\/2024\/01\/0717-Ribeirao-do-Pinhal-PR-Programa-METANO-EVITADO-Area-Pequeno.jpg 853w, https:\/\/jorgezanoni.com.br\/2019\/wp-content\/uploads\/2024\/01\/0717-Ribeirao-do-Pinhal-PR-Programa-METANO-EVITADO-Area-Pequeno-300x169.jpg 300w, https:\/\/jorgezanoni.com.br\/2019\/wp-content\/uploads\/2024\/01\/0717-Ribeirao-do-Pinhal-PR-Programa-METANO-EVITADO-Area-Pequeno-768x432.jpg 768w, https:\/\/jorgezanoni.com.br\/2019\/wp-content\/uploads\/2024\/01\/0717-Ribeirao-do-Pinhal-PR-Programa-METANO-EVITADO-Area-Pequeno-696x392.jpg 696w, https:\/\/jorgezanoni.com.br\/2019\/wp-content\/uploads\/2024\/01\/0717-Ribeirao-do-Pinhal-PR-Programa-METANO-EVITADO-Area-Pequeno-746x420.jpg 746w\" sizes=\"auto, (max-width: 853px) 100vw, 853px\" \/>O Programa Metano Evitado Sicredi promove a gera\u00e7\u00e3o de cr\u00e9ditos de carbono na suinocultura e bovinocultura de leite<br \/>\n<i>Cr\u00e9ditos: divulga\u00e7\u00e3o<\/i><\/p>\n<p>Fonte: Comunica\u00e7\u00e3o e Marketing<\/p>\n","protected":false},"excerpt":{"rendered":"<p>Iniciativa foi realizada por meio de apoio a projetos de diferentes regi\u00f5es do pa\u00eds, neutralizando as emiss\u00f5es relativas a 2022 e 2023. Integrante do Pacto Global das Na\u00e7\u00f5es Unidas (ONU), o Sicredi realizou a neutraliza\u00e7\u00e3o das emiss\u00f5es calculadas no seu Invent\u00e1rio de Gases de Efeito Estufa de 2022 e projetadas para o ano de 2023. [&hellip;]<\/p>\n","protected":false},"author":1,"featured_media":84063,"comment_status":"closed","ping_status":"open","sticky":false,"template":"","format":"standard","meta":{"footnotes":""},"categories":[110,116],"tags":[],"class_list":["post-84060","post","type-post","status-publish","format-standard","has-post-thumbnail","hentry","category-noticiasdestaque","category-politicaeeconomia"],"_links":{"self":[{"href":"https:\/\/jorgezanoni.com.br\/2019\/wp-json\/wp\/v2\/posts\/84060","targetHints":{"allow":["GET"]}}],"collection":[{"href":"https:\/\/jorgezanoni.com.br\/2019\/wp-json\/wp\/v2\/posts"}],"about":[{"href":"https:\/\/jorgezanoni.com.br\/2019\/wp-json\/wp\/v2\/types\/post"}],"author":[{"embeddable":true,"href":"https:\/\/jorgezanoni.com.br\/2019\/wp-json\/wp\/v2\/users\/1"}],"replies":[{"embeddable":true,"href":"https:\/\/jorgezanoni.com.br\/2019\/wp-json\/wp\/v2\/comments?post=84060"}],"version-history":[{"count":1,"href":"https:\/\/jorgezanoni.com.br\/2019\/wp-json\/wp\/v2\/posts\/84060\/revisions"}],"predecessor-version":[{"id":84064,"href":"https:\/\/jorgezanoni.com.br\/2019\/wp-json\/wp\/v2\/posts\/84060\/revisions\/84064"}],"wp:featuredmedia":[{"embeddable":true,"href":"https:\/\/jorgezanoni.com.br\/2019\/wp-json\/wp\/v2\/media\/84063"}],"wp:attachment":[{"href":"https:\/\/jorgezanoni.com.br\/2019\/wp-json\/wp\/v2\/media?parent=84060"}],"wp:term":[{"taxonomy":"category","embeddable":true,"href":"https:\/\/jorgezanoni.com.br\/2019\/wp-json\/wp\/v2\/categories?post=84060"},{"taxonomy":"post_tag","embeddable":true,"href":"https:\/\/jorgezanoni.com.br\/2019\/wp-json\/wp\/v2\/tags?post=84060"}],"curies":[{"name":"wp","href":"https:\/\/api.w.org\/{rel}","templated":true}]}}