{"id":8402,"date":"2019-10-10T02:04:19","date_gmt":"2019-10-10T02:04:19","guid":{"rendered":"https:\/\/jorgezanoni.com.br\/2019\/?p=8402"},"modified":"2019-10-10T02:04:19","modified_gmt":"2019-10-10T02:04:19","slug":"prefeituras-do-oeste-paulista-tem-processos-seletivos-para-professores-com-inscricoes-abertas","status":"publish","type":"post","link":"https:\/\/jorgezanoni.com.br\/2019\/prefeituras-do-oeste-paulista-tem-processos-seletivos-para-professores-com-inscricoes-abertas\/","title":{"rendered":"Prefeituras do Oeste Paulista t\u00eam processos seletivos para professores com inscri\u00e7\u00f5es abertas"},"content":{"rendered":"<h2 class=\"content-head__subtitle\" style=\"text-align: justify;\"><strong>Tamb\u00e9m h\u00e1 oportunidades para outras \u00e1reas em v\u00e1rias cidades da regi\u00e3o de Presidente Prudente.<\/strong><\/h2>\n<div class=\"mc-column content-text active-extra-styles \" data-block-type=\"unstyled\" data-block-weight=\"26\" data-block-id=\"2\">\n<p class=\"content-text__container \" style=\"text-align: justify;\" data-track-category=\"Link no Texto\" data-track-links=\"\">Nesta semana, diversos concursos p\u00fablicos e processos seletivos est\u00e3o com inscri\u00e7\u00f5es abertas no Oeste Paulista voltados ao preenchimento de vagas e \u00e0 forma\u00e7\u00e3o de cadastro reserva.<\/p>\n<\/div>\n<div class=\"wall protected-content\">\n<div class=\"mc-column content-text active-extra-styles \" style=\"text-align: justify;\" data-block-type=\"unstyled\" data-block-weight=\"18\" data-block-id=\"3\">\n<p class=\"content-text__container \" data-track-category=\"Link no Texto\" data-track-links=\"\">As jornadas de trabalho, os benef\u00edcios, as fun\u00e7\u00f5es e os sal\u00e1rios variam de acordo com o cargo pretendido.<\/p>\n<\/div>\n<div class=\"mc-column content-text active-extra-styles \" style=\"text-align: justify;\" data-block-type=\"unstyled\" data-block-weight=\"3\" data-block-id=\"4\">\n<p class=\"content-text__container \" data-track-category=\"Link no Texto\" data-track-links=\"\">Confira as oportunidades:<\/p>\n<\/div>\n<div class=\"mc-column content-text active-extra-styles\" style=\"text-align: justify;\" data-block-type=\"raw\" data-block-weight=\"2\" data-block-id=\"5\">\n<div class=\"content-intertitle\">\n<h2>Monte Castelo<\/h2>\n<\/div>\n<\/div>\n<div class=\"mc-column content-text active-extra-styles \" style=\"text-align: justify;\" data-block-type=\"unstyled\" data-block-weight=\"36\" data-block-id=\"6\">\n<p class=\"content-text__container \" data-track-category=\"Link no Texto\" data-track-links=\"\">A Prefeitura de Monte Castelo tem processo seletivo com\u00a0<a href=\"https:\/\/www.consesp.com.br\/site\/index.php?pg=concursos\/info&amp;codigo=3334\" target=\"_blank\" rel=\"noopener noreferrer\">inscri\u00e7\u00f5es\u00a0<\/a>abertas para a forma\u00e7\u00e3o de cadastro reserva de docentes. A participa\u00e7\u00e3o deve ser garantida pela internet, mediante ao pagamento da taxa no valor de R$ 45.<\/p>\n<\/div>\n<div class=\"mc-column content-text active-extra-styles \" style=\"text-align: justify;\" data-block-type=\"unstyled\" data-block-weight=\"44\" data-block-id=\"7\">\n<p class=\"content-text__container \" data-track-category=\"Link no Texto\" data-track-links=\"\">Os cargos dispon\u00edveis s\u00e3o: professor de dan\u00e7a, professor de educa\u00e7\u00e3o infantil, professor de educa\u00e7\u00e3o infantil II, professor de ensino fundamental I, professor PEB II \u2013 arte, professor PEB II \u2013 educa\u00e7\u00e3o f\u00edsica, professor PEB II \u2013 ingl\u00eas e professor de Atendimento Educacional Especializado (AEE).<\/p>\n<\/div>\n<div class=\"mc-column content-text active-extra-styles \" style=\"text-align: justify;\" data-block-type=\"unstyled\" data-block-weight=\"35\" data-block-id=\"8\">\n<p class=\"content-text__container \" data-track-category=\"Link no Texto\" data-track-links=\"\">A remunera\u00e7\u00e3o dos profissionais varia de R$ 12,93 a R$ 14,26 por hora\/aula. Para professores da educa\u00e7\u00e3o b\u00e1sica II e de educa\u00e7\u00e3o infantil I e II a jornada de trabalho ser\u00e1 de 30 horas\/aula.<\/p>\n<\/div>\n<div class=\"mc-column content-text active-extra-styles \" style=\"text-align: justify;\" data-block-type=\"unstyled\" data-block-weight=\"13\" data-block-id=\"9\">\n<p class=\"content-text__container \" data-track-category=\"Link no Texto\" data-track-links=\"\">A aplica\u00e7\u00e3o da prova objetiva est\u00e1 previsa para 10 de novembro de 2019.<\/p>\n<\/div>\n<div class=\"mc-column content-text active-extra-styles \" style=\"text-align: justify;\" data-block-type=\"unstyled\" data-block-weight=\"7\" data-block-id=\"10\">\n<p class=\"content-text__container \" data-track-category=\"Link no Texto\" data-track-links=\"\">Mais detalhes podem ser consultados no\u00a0<a href=\"https:\/\/www.consesp.com.br\/imagens_arquivos\/concursos\/arquivos\/3334_montecastelo0022019processoprofessoresedital.pdf\" target=\"_blank\" rel=\"noopener noreferrer\">edital<\/a>.<\/p>\n<\/div>\n<div class=\"mc-column content-text active-extra-styles\" style=\"text-align: justify;\" data-block-type=\"raw\" data-block-weight=\"2\" data-block-id=\"11\">\n<div class=\"content-intertitle\">\n<h2>Nova Guataporanga<\/h2>\n<\/div>\n<\/div>\n<div class=\"mc-column content-text active-extra-styles \" style=\"text-align: justify;\" data-block-type=\"unstyled\" data-block-weight=\"33\" data-block-id=\"12\">\n<p class=\"content-text__container \" data-track-category=\"Link no Texto\" data-track-links=\"\">Tamb\u00e9m tem processo seletivo para forma\u00e7\u00e3o de cadastro reserva de professores da Prefeitura de Nova Guataporanga. As inscri\u00e7\u00f5es v\u00e3o at\u00e9 15 de outubro, pela\u00a0<a href=\"https:\/\/www.unisisp.com.br\/site\/index.php?pg=concursos\/info&amp;codigo=108\" target=\"_blank\" rel=\"noopener noreferrer\">internet<\/a>, mediante ao pagamento da taxa de R$ 40.<\/p>\n<\/div>\n<div class=\"content-ads content-ads--reveal\" style=\"text-align: justify;\" data-block-type=\"ads\" data-block-id=\"13\">\n<div id=\"banner_materia2\" class=\"tag-manager-publicidade-container mc-has-reveal mc-has-ad-lazyload tag-manager-publicidade-banner_materia2 tag-manager-publicidade-container--carregado tag-manager-publicidade-container--visivel\" data-id=\"banner_materia2\" data-google-query-id=\"CNbBmcLMkOUCFTKVWwodHSwCOw\" data-cid=\"138288959813\" data-lid=\"5186621017\">\n<div id=\"google_ads_iframe_\/95377733\/tvg_G1\/Sua_Regiao&gt;Sudeste&gt;Sao_Paulo_(Pres_Prudente)_2__container__\" style=\"box-sizing: inherit; margin: auto; padding: 0px; border: 0pt none; font: inherit; vertical-align: baseline; width: 970px; max-width: 100%; text-align: center;\">As fun\u00e7\u00f5es dispon\u00edveis s\u00e3o: professor de creche, bem como PEB \u2013 I e PEB \u2013 II nas \u00e1reas de educa\u00e7\u00e3o f\u00edsica, arte, ingl\u00eas e AEE.<\/div>\n<\/div>\n<\/div>\n<div class=\"mc-column content-text active-extra-styles \" style=\"text-align: justify;\" data-block-type=\"unstyled\" data-block-weight=\"17\" data-block-id=\"15\">\n<p class=\"content-text__container \" data-track-category=\"Link no Texto\" data-track-links=\"\">O candidato deve possuir escolaridade em n\u00edvel superior, com habilita\u00e7\u00e3o espec\u00edfica na \u00e1rea em que pretende concorrer.<\/p>\n<\/div>\n<div class=\"mc-column content-text active-extra-styles \" style=\"text-align: justify;\" data-block-type=\"unstyled\" data-block-weight=\"19\" data-block-id=\"16\">\n<p class=\"content-text__container \" data-track-category=\"Link no Texto\" data-track-links=\"\">A jornada de trabalho \u00e9 de 10 a 40 horas semanais, com remunera\u00e7\u00f5es entre R$ 640 a R$ 2.557,77.<\/p>\n<\/div>\n<div class=\"mc-column content-text active-extra-styles \" style=\"text-align: justify;\" data-block-type=\"unstyled\" data-block-weight=\"27\" data-block-id=\"17\">\n<p class=\"content-text__container \" data-track-category=\"Link no Texto\" data-track-links=\"\">A prova objetiva est\u00e1 prevista para ser aplicada em 3 de novembro, em locais a serem divulgados por meio de edital pr\u00f3prio. Tamb\u00e9m haver\u00e1 prova de t\u00edtulos.<\/p>\n<\/div>\n<div class=\"mc-column content-text active-extra-styles \" style=\"text-align: justify;\" data-block-type=\"unstyled\" data-block-weight=\"7\" data-block-id=\"18\">\n<p class=\"content-text__container \" data-track-category=\"Link no Texto\" data-track-links=\"\">O\u00a0<a href=\"https:\/\/www.unisisp.com.br\/imagens_arquivos\/concursos\/arquivos\/108_novaguataporanga_edital_ps_003_2019.pdf\" target=\"_blank\" rel=\"noopener noreferrer\">edital\u00a0<\/a>j\u00e1 est\u00e1 dispon\u00edvel para consulta.<\/p>\n<\/div>\n<div class=\"mc-column content-text active-extra-styles\" style=\"text-align: justify;\" data-block-type=\"raw\" data-block-weight=\"2\" data-block-id=\"19\">\n<div class=\"content-intertitle\">\n<h2>Jo\u00e3o Ramalho<\/h2>\n<\/div>\n<\/div>\n<div class=\"mc-column content-text active-extra-styles \" style=\"text-align: justify;\" data-block-type=\"unstyled\" data-block-weight=\"36\" data-block-id=\"20\">\n<p class=\"content-text__container \" data-track-category=\"Link no Texto\" data-track-links=\"\">Foram reabertas as\u00a0<a href=\"http:\/\/www.cscconsultoria.com.br\/evento.php?codigo=205\" target=\"_blank\" rel=\"noopener noreferrer\">inscri\u00e7\u00f5es\u00a0<\/a>para o concurso p\u00fablico da Prefeitura de Jo\u00e3o Ramalho. O prazo agora segue at\u00e9 18 de outubro. A\u00a0<a href=\"http:\/\/www.cscconsultoria.com.br\/uploads\/retifica__odoeditaldeaberturaereaberturadoprazodasinscri__esdoconcursopublicon012019jo_oramalho.pdf\" target=\"_blank\" rel=\"noopener noreferrer\">retifica\u00e7\u00e3o do edital de abertura e reabertura<\/a>\u00a0das candidaturas pode ser consultada na internet.<\/p>\n<\/div>\n<div class=\"mc-column content-text active-extra-styles \" style=\"text-align: justify;\" data-block-type=\"unstyled\" data-block-weight=\"34\" data-block-id=\"21\">\n<p class=\"content-text__container \" data-track-category=\"Link no Texto\" data-track-links=\"\">O concurso \u00e9 voltado ao preenchimento de vagas e \u00e0 forma\u00e7\u00e3o de cadastro reserva. As inscri\u00e7\u00f5es devem ser garantidas pela internet, mediante o pagamento de taxas que v\u00e3o de R$ 17,90 a R$ 19,90.<\/p>\n<\/div>\n<div class=\"mc-column content-text active-extra-styles \" style=\"text-align: justify;\" data-block-type=\"unstyled\" data-block-weight=\"22\" data-block-id=\"22\">\n<p class=\"content-text__container \" data-track-category=\"Link no Texto\" data-track-links=\"\">As oportunidades s\u00e3o para profissionais com ensino fundamental, m\u00e9dio e superior. As jornadas de trabalho variam de 20h a 40h por semana.<\/p>\n<\/div>\n<div class=\"mc-column content-text active-extra-styles \" style=\"text-align: justify;\" data-block-type=\"unstyled\" data-block-weight=\"39\" data-block-id=\"23\">\n<p class=\"content-text__container \" data-track-category=\"Link no Texto\" data-track-links=\"\">Os cargos dispon\u00edveis s\u00e3o para agente de combate \u00e0s endemias (CR), auxiliar de consult\u00f3rio dent\u00e1rio (CR), secret\u00e1rio de escola (1 vaga), secret\u00e1rio do pa\u00e7o municipal (1 vaga), advogado (CR), farmac\u00eautico (CR), m\u00e9dico (1 vaga), nutricionista (CR) e psic\u00f3logo (CR).<\/p>\n<\/div>\n<div class=\"mc-column content-text active-extra-styles \" style=\"text-align: justify;\" data-block-type=\"unstyled\" data-block-weight=\"10\" data-block-id=\"24\">\n<p class=\"content-text__container \" data-track-category=\"Link no Texto\" data-track-links=\"\">Os vencimentos salariais variam de R$ 1.036,45 a R$ 4.206,18.<\/p>\n<\/div>\n<div class=\"mc-column content-text active-extra-styles \" style=\"text-align: justify;\" data-block-type=\"unstyled\" data-block-weight=\"19\" data-block-id=\"25\">\n<p class=\"content-text__container \" data-track-category=\"Link no Texto\" data-track-links=\"\">A previs\u00e3o \u00e9 de que a prova objetiva seja aplicada em 3 de novembro de 2019, em dois turnos.<\/p>\n<\/div>\n<div class=\"mc-column content-text active-extra-styles\" style=\"text-align: justify;\" data-block-type=\"raw\" data-block-weight=\"1\" data-block-id=\"26\">\n<div class=\"content-intertitle\">\n<h2>Martin\u00f3polis<\/h2>\n<\/div>\n<\/div>\n<div class=\"mc-column content-text active-extra-styles \" style=\"text-align: justify;\" data-block-type=\"unstyled\" data-block-weight=\"47\" data-block-id=\"27\">\n<p class=\"content-text__container \" data-track-category=\"Link no Texto\" data-track-links=\"\">A Prefeitura de Martin\u00f3polis tem concurso p\u00fablico com inscri\u00e7\u00f5es abertas que visa a forma\u00e7\u00e3o de cadastro reserva de profissionais de diversos n\u00edveis de escolaridade. A participa\u00e7\u00e3o deve ser garantida at\u00e9 25 de outubro, pela\u00a0<a href=\"http:\/\/omconsultoria.com.br\/portal\/index.php?option=com_facileforms&amp;ff_name=inscricaoForm&amp;ff_border=0&amp;ff_frame=0&amp;ff_param_NIC=20190924093404&amp;ff_param_PID=0\" target=\"_blank\" rel=\"noopener noreferrer\">internet<\/a>, mediante ao pagamento da taxa que varia entre R$12,10 e R$ 12,95.<\/p>\n<\/div>\n<div class=\"mc-column content-text active-extra-styles \" style=\"text-align: justify;\" data-block-type=\"unstyled\" data-block-weight=\"78\" data-block-id=\"29\">\n<p class=\"content-text__container \" data-track-category=\"Link no Texto\" data-track-links=\"\">Os cargos dispon\u00edveis para forma\u00e7\u00e3o de cadastro reserva s\u00e3o: agente comunit\u00e1rio de sa\u00fade, almoxarife, arquiteto, arrecadador de ped\u00e1gio, atendente, auxiliar de enfermagem, auxiliar de enfermagem \u2013 ESF, bibliotec\u00e1rio, bombeiro municipal, contador, diretor de creche, enfermeiro, engenheiro civil, farmac\u00eautico, fiscal de posturas, m\u00e9dico do trabalho, m\u00e9dico \u2013 ESF, m\u00e9dico pediatra, m\u00e9dico psiquiatra, m\u00e9dico psiquiatra plantonista \u2013 Caps, motorista, pedagogo \u2013 Caps: pedreiro, PEB I \u2013 ensino fundamental, qu\u00edmico, secret\u00e1rio da junta do servi\u00e7o militar, vigilante feminino e vigilante masculino.<\/p>\n<\/div>\n<div class=\"mc-column content-text active-extra-styles \" style=\"text-align: justify;\" data-block-type=\"unstyled\" data-block-weight=\"19\" data-block-id=\"30\">\n<p class=\"content-text__container \" data-track-category=\"Link no Texto\" data-track-links=\"\">A carga hor\u00e1ria varia de 20 a 40 horas semanais e a remunera\u00e7\u00e3o de R$ 998 a R$ 13.352,01.<\/p>\n<\/div>\n<div class=\"mc-column content-text active-extra-styles \" style=\"text-align: justify;\" data-block-type=\"unstyled\" data-block-weight=\"20\" data-block-id=\"31\">\n<p class=\"content-text__container \" data-track-category=\"Link no Texto\" data-track-links=\"\">Entre os requisitos est\u00e3o ter os n\u00edveis fundamental, m\u00e9dio e superior completos, al\u00e9m de registro profissional no Conselho de Classe.<\/p>\n<\/div>\n<div class=\"mc-column content-text active-extra-styles \" style=\"text-align: justify;\" data-block-type=\"unstyled\" data-block-weight=\"7\" data-block-id=\"32\">\n<p class=\"content-text__container \" data-track-category=\"Link no Texto\" data-track-links=\"\">Mais detalhes podem ser consultados no\u00a0<a href=\"https:\/\/www.martinopolis.sp.gov.br\/concursospub\/pdf_postados\/editalcompleto.pdf\" target=\"_blank\" rel=\"noopener noreferrer\">edital<\/a>.<\/p>\n<\/div>\n<div class=\"mc-column content-text active-extra-styles\" style=\"text-align: justify;\" data-block-type=\"raw\" data-block-weight=\"2\" data-block-id=\"33\">\n<div class=\"content-intertitle\">\n<h2>Osvaldo Cruz<\/h2>\n<\/div>\n<\/div>\n<div class=\"mc-column content-text active-extra-styles \" style=\"text-align: justify;\" data-block-type=\"unstyled\" data-block-weight=\"55\" data-block-id=\"34\">\n<p class=\"content-text__container \" data-track-category=\"Link no Texto\" data-track-links=\"\">Est\u00e3o abertas, at\u00e9 o dia 11 de outubro, as inscri\u00e7\u00f5es do concurso p\u00fablico da Prefeitura de Osvaldo Cruz, que visa a contratar profissionais com ensino m\u00e9dio e superior para diversas \u00e1reas. A taxa de participa\u00e7\u00e3o, que deve ser garantida pela\u00a0<a href=\"http:\/\/www.institutoexcelenciapr.com.br\/concurso\/Concurso-Publico-PMOC003\" target=\"_blank\" rel=\"noopener noreferrer\">internet<\/a>, \u00e9 de R$ 13,63 e de R$ 15,67, de acordo com o cargo pretendido.<\/p>\n<\/div>\n<div class=\"mc-column content-text active-extra-styles \" style=\"text-align: justify;\" data-block-type=\"unstyled\" data-block-weight=\"47\" data-block-id=\"35\">\n<p class=\"content-text__container \" data-track-category=\"Link no Texto\" data-track-links=\"\">As oportunidades dispon\u00edveis s\u00e3o para os seguintes cargos: bibliotec\u00e1rio (1 vaga), m\u00e9dico cl\u00ednico geral (1 vaga), m\u00e9dico do trabalho (1 vaga), m\u00e9dico ginecologista (1 vaga), m\u00e9dico neurologista (1 vaga), m\u00e9dico pediatra (1 vaga), m\u00e9dico psiquiatra (1 vaga), monitor de atividades art\u00edsticas (1 vaga), terapeuta ocupacional (1 vaga).<\/p>\n<\/div>\n<div class=\"mc-column content-text active-extra-styles \" style=\"text-align: justify;\" data-block-type=\"unstyled\" data-block-weight=\"33\" data-block-id=\"36\">\n<p class=\"content-text__container \" data-track-category=\"Link no Texto\" data-track-links=\"\">Os profissionais devem atuar em jornadas de 10h a 40h semanais. Os sal\u00e1rios variam de R$ 1.260,22 a R$ 2.478,56 e, em alguns casos, ser\u00e1 paga a hora\/aula no valor de R$ 10,83.<\/p>\n<\/div>\n<div class=\"mc-column content-text active-extra-styles \" style=\"text-align: justify;\" data-block-type=\"unstyled\" data-block-weight=\"22\" data-block-id=\"37\">\n<p class=\"content-text__container \" data-track-category=\"Link no Texto\" data-track-links=\"\">A aplica\u00e7\u00e3o da prova objetiva est\u00e1 prevista para 10 de novembro de 2019 em locais que ser\u00e3o divulgados at\u00e9 tr\u00eas dias antes.<\/p>\n<\/div>\n<div class=\"mc-column content-text active-extra-styles \" style=\"text-align: justify;\" data-block-type=\"unstyled\" data-block-weight=\"8\" data-block-id=\"38\">\n<p class=\"content-text__container \" data-track-category=\"Link no Texto\" data-track-links=\"\">O\u00a0<a href=\"http:\/\/www.institutoexcelenciapr.com.br\/sistema\/uploads\/Edital_0032019.pdf\" target=\"_blank\" rel=\"noopener noreferrer\">edital\u00a0<\/a>pode ser consultado para mais detalhes.<\/p>\n<\/div>\n<div class=\"mc-column content-text active-extra-styles\" style=\"text-align: justify;\" data-block-type=\"raw\" data-block-weight=\"1\" data-block-id=\"39\">\n<div class=\"content-intertitle\">\n<h2>Luc\u00e9lia<\/h2>\n<\/div>\n<\/div>\n<div class=\"mc-column content-text active-extra-styles \" style=\"text-align: justify;\" data-block-type=\"unstyled\" data-block-weight=\"31\" data-block-id=\"40\">\n<p class=\"content-text__container \" data-track-category=\"Link no Texto\" data-track-links=\"\">Pela Prefeitura de Luc\u00e9lia h\u00e1 um concurso p\u00fablico para o preenchimento de oito vagas em fun\u00e7\u00f5es de n\u00edveis alfabetizado, fundamental e superior. As inscri\u00e7\u00f5es v\u00e3o at\u00e9 14 de outubro, pela\u00a0<a href=\"http:\/\/www.institutoexcelenciapr.com.br\/concurso\/Concurso-Publico-PML0042019\" target=\"_blank\" rel=\"noopener noreferrer\">internet<\/a>.<\/p>\n<\/div>\n<div class=\"mc-column content-text active-extra-styles \" style=\"text-align: justify;\" data-block-type=\"unstyled\" data-block-weight=\"26\" data-block-id=\"42\">\n<p class=\"content-text__container \" data-track-category=\"Link no Texto\" data-track-links=\"\">Os cargos a serem preenchidos s\u00e3o os de auxiliar de manuten\u00e7\u00e3o em pr\u00e9dios p\u00fablicos e logradouros (3), guarda noturno\/vigilante (3), fonoaudi\u00f3logo (1) e m\u00e9dico ortopedista (1).<\/p>\n<\/div>\n<div class=\"mc-column content-text active-extra-styles \" style=\"text-align: justify;\" data-block-type=\"unstyled\" data-block-weight=\"33\" data-block-id=\"43\">\n<p class=\"content-text__container \" data-track-category=\"Link no Texto\" data-track-links=\"\">As fun\u00e7\u00f5es ser\u00e3o cumpridas em jornadas de 44h semanais, exceto para m\u00e9dico ortopedista, cuja carga hor\u00e1ria de trabalho \u00e9 de 10h semanais. O valor da remunera\u00e7\u00e3o vai de R$ 998 a R$ 2.719,07.<\/p>\n<\/div>\n<div class=\"mc-column content-text active-extra-styles \" style=\"text-align: justify;\" data-block-type=\"unstyled\" data-block-weight=\"16\" data-block-id=\"44\">\n<p class=\"content-text__container \" data-track-category=\"Link no Texto\" data-track-links=\"\">A taxa de inscri\u00e7\u00e3o \u00e9 de R$ 17,78 e de R$ 20,02, conforme a fun\u00e7\u00e3o pretendida.<\/p>\n<\/div>\n<div class=\"mc-column content-text active-extra-styles \" style=\"text-align: justify;\" data-block-type=\"unstyled\" data-block-weight=\"14\" data-block-id=\"45\">\n<p class=\"content-text__container \" data-track-category=\"Link no Texto\" data-track-links=\"\">A prova objetiva est\u00e1 prevista para ser aplicada em 10 de novembro de 2019.<\/p>\n<\/div>\n<div class=\"mc-column content-text active-extra-styles \" data-block-type=\"unstyled\" data-block-weight=\"12\" data-block-id=\"46\">\n<p class=\"content-text__container \" style=\"text-align: justify;\" data-track-category=\"Link no Texto\" data-track-links=\"\">O\u00a0<a href=\"http:\/\/www.institutoexcelenciapr.com.br\/sistema\/uploads\/Edital_004-2019.pdf\" target=\"_blank\" rel=\"noopener noreferrer\">edital\u00a0<\/a>com mais detalhes est\u00e1 dispon\u00edvel no site da banca organizadora.<\/p>\n<p style=\"text-align: justify;\" data-track-category=\"Link no Texto\" data-track-links=\"\">Fonte: G1<\/p>\n<\/div>\n<\/div>\n","protected":false},"excerpt":{"rendered":"<p>Tamb\u00e9m h\u00e1 oportunidades para outras \u00e1reas em v\u00e1rias cidades da regi\u00e3o de Presidente Prudente. Nesta semana, diversos concursos p\u00fablicos e processos seletivos est\u00e3o com inscri\u00e7\u00f5es abertas no Oeste Paulista voltados ao preenchimento de vagas e \u00e0 forma\u00e7\u00e3o de cadastro reserva. As jornadas de trabalho, os benef\u00edcios, as fun\u00e7\u00f5es e os sal\u00e1rios variam de acordo com [&hellip;]<\/p>\n","protected":false},"author":1,"featured_media":8403,"comment_status":"closed","ping_status":"open","sticky":false,"template":"","format":"standard","meta":{"footnotes":""},"categories":[122],"tags":[],"class_list":["post-8402","post","type-post","status-publish","format-standard","has-post-thumbnail","hentry","category-saudeeducacaoeconcurso"],"_links":{"self":[{"href":"https:\/\/jorgezanoni.com.br\/2019\/wp-json\/wp\/v2\/posts\/8402","targetHints":{"allow":["GET"]}}],"collection":[{"href":"https:\/\/jorgezanoni.com.br\/2019\/wp-json\/wp\/v2\/posts"}],"about":[{"href":"https:\/\/jorgezanoni.com.br\/2019\/wp-json\/wp\/v2\/types\/post"}],"author":[{"embeddable":true,"href":"https:\/\/jorgezanoni.com.br\/2019\/wp-json\/wp\/v2\/users\/1"}],"replies":[{"embeddable":true,"href":"https:\/\/jorgezanoni.com.br\/2019\/wp-json\/wp\/v2\/comments?post=8402"}],"version-history":[{"count":0,"href":"https:\/\/jorgezanoni.com.br\/2019\/wp-json\/wp\/v2\/posts\/8402\/revisions"}],"wp:featuredmedia":[{"embeddable":true,"href":"https:\/\/jorgezanoni.com.br\/2019\/wp-json\/wp\/v2\/media\/8403"}],"wp:attachment":[{"href":"https:\/\/jorgezanoni.com.br\/2019\/wp-json\/wp\/v2\/media?parent=8402"}],"wp:term":[{"taxonomy":"category","embeddable":true,"href":"https:\/\/jorgezanoni.com.br\/2019\/wp-json\/wp\/v2\/categories?post=8402"},{"taxonomy":"post_tag","embeddable":true,"href":"https:\/\/jorgezanoni.com.br\/2019\/wp-json\/wp\/v2\/tags?post=8402"}],"curies":[{"name":"wp","href":"https:\/\/api.w.org\/{rel}","templated":true}]}}