{"id":83988,"date":"2024-01-25T17:57:27","date_gmt":"2024-01-25T17:57:27","guid":{"rendered":"https:\/\/jorgezanoni.com.br\/2019\/?p=83988"},"modified":"2024-01-25T17:57:27","modified_gmt":"2024-01-25T17:57:27","slug":"aviao-com-destino-a-venceslau-cai-e-deixa-dois-mortos-em-sp-vitimas-nao-sao-de-pv","status":"publish","type":"post","link":"https:\/\/jorgezanoni.com.br\/2019\/aviao-com-destino-a-venceslau-cai-e-deixa-dois-mortos-em-sp-vitimas-nao-sao-de-pv\/","title":{"rendered":"Avi\u00e3o com destino a Venceslau cai e deixa dois mortos em SP. V\u00edtimas n\u00e3o s\u00e3o de PV"},"content":{"rendered":"<h2 class=\"content-head__subtitle\" style=\"text-align: justify;\"><strong>Queda foi registrada na manh\u00e3 desta quinta-feira (25) em uma \u00e1rea de mata entre Ribeir\u00e3o Pires e Rio Grande da Serra.<\/strong><\/h2>\n<p style=\"text-align: justify;\">Um avi\u00e3o de pequeno porte caiu e deixou dois mortos, entre\u00a0Rio Grande da Serra\u00a0e\u00a0Ribeir\u00e3o Pires, Grande\u00a0S\u00e3o Paulo, na manh\u00e3 desta quinta-feira (25). Segundo o Corpo de Bombeiros, a queda foi registrada por volta das 10h perto da rua Teresinha Arnone Casteluci, em uma \u00e1rea de mata.<\/p>\n<p style=\"text-align: justify;\">Conforme informa\u00e7\u00f5es do controle a\u00e9reo de SP,\u00a0a aeronave de prefixo PTDKA\u00a0decolou do Campo de Marte \u00e0s 9h45 com destino a\u00a0Presidente Venceslau, quando houve um desvio repentino.<\/p>\n<p style=\"text-align: justify;\">O PORTAL BUENO apurou que as v\u00edtimas n\u00e3o s\u00e3o de Presidente Venceslau, e que elas estariam vindo \u00e0 cidade em compromissos particulares.\u00a0No avi\u00e3o estavam Benedito Aparecido da Silva e Ricardo Falarini.<\/p>\n<p><img decoding=\"async\" src=\"https:\/\/www.portalbueno.com.br\/uploads\/news\/25_01_2024_014110_352.png\" alt=\"\" \/><\/p>\n<p style=\"text-align: justify;\">Equipes dos bombeiros e do helic\u00f3ptero \u00c1guia da Pol\u00edcia Militar foram acionadas. Ainda n\u00e3o h\u00e1 informa\u00e7\u00e3o sobre a identidade das v\u00edtimas.<\/p>\n<p style=\"text-align: justify;\">Segundo dados da Anac, o avi\u00e3o tem opera\u00e7\u00e3o negada para t\u00e1xi a\u00e9reo, mas a situa\u00e7\u00e3o de aeronavegabilidade est\u00e1 regular.<\/p>\n<p style=\"text-align: justify;\">A For\u00e7a A\u00e9rea Brasileira (FAB) informou que investigadores do Quarto Servi\u00e7o Regional de Investiga\u00e7\u00e3o e Preven\u00e7\u00e3o de Acidentes Aeron\u00e1uticos (SERIPA IV), localizado em S\u00e3o Paulo, e \u00f3rg\u00e3o regional do Centro de Investiga\u00e7\u00e3o e Preven\u00e7\u00e3o de Acidentes Aeron\u00e1uticos (CENIPA), foram acionados para realizar a a\u00e7\u00e3o inicial da ocorr\u00eancia.<\/p>\n<p><img loading=\"lazy\" decoding=\"async\" class=\"alignnone size-full wp-image-83989\" src=\"https:\/\/jorgezanoni.com.br\/2019\/wp-content\/uploads\/2024\/01\/aviao-1.png\" alt=\"\" width=\"627\" height=\"453\" srcset=\"https:\/\/jorgezanoni.com.br\/2019\/wp-content\/uploads\/2024\/01\/aviao-1.png 627w, https:\/\/jorgezanoni.com.br\/2019\/wp-content\/uploads\/2024\/01\/aviao-1-300x217.png 300w, https:\/\/jorgezanoni.com.br\/2019\/wp-content\/uploads\/2024\/01\/aviao-1-324x235.png 324w, https:\/\/jorgezanoni.com.br\/2019\/wp-content\/uploads\/2024\/01\/aviao-1-581x420.png 581w\" sizes=\"auto, (max-width: 627px) 100vw, 627px\" \/><\/p>\n<p style=\"text-align: justify;\">A FAB ainda afirmou que a conclus\u00e3o das investiga\u00e7\u00f5es ter\u00e1 o menor prazo poss\u00edvel, dependendo da complexidade da ocorr\u00eancia e da necessidade de descobrir os poss\u00edveis fatores contribuintes.<\/p>\n<p>Fonte: G1 e Portal Bueno<\/p>\n","protected":false},"excerpt":{"rendered":"<p>Queda foi registrada na manh\u00e3 desta quinta-feira (25) em uma \u00e1rea de mata entre Ribeir\u00e3o Pires e Rio Grande da Serra. Um avi\u00e3o de pequeno porte caiu e deixou dois mortos, entre\u00a0Rio Grande da Serra\u00a0e\u00a0Ribeir\u00e3o Pires, Grande\u00a0S\u00e3o Paulo, na manh\u00e3 desta quinta-feira (25). Segundo o Corpo de Bombeiros, a queda foi registrada por volta das [&hellip;]<\/p>\n","protected":false},"author":1,"featured_media":83990,"comment_status":"closed","ping_status":"open","sticky":false,"template":"","format":"standard","meta":{"footnotes":""},"categories":[170,110],"tags":[],"class_list":["post-83988","post","type-post","status-publish","format-standard","has-post-thumbnail","hentry","category-acidentes","category-noticiasdestaque"],"_links":{"self":[{"href":"https:\/\/jorgezanoni.com.br\/2019\/wp-json\/wp\/v2\/posts\/83988","targetHints":{"allow":["GET"]}}],"collection":[{"href":"https:\/\/jorgezanoni.com.br\/2019\/wp-json\/wp\/v2\/posts"}],"about":[{"href":"https:\/\/jorgezanoni.com.br\/2019\/wp-json\/wp\/v2\/types\/post"}],"author":[{"embeddable":true,"href":"https:\/\/jorgezanoni.com.br\/2019\/wp-json\/wp\/v2\/users\/1"}],"replies":[{"embeddable":true,"href":"https:\/\/jorgezanoni.com.br\/2019\/wp-json\/wp\/v2\/comments?post=83988"}],"version-history":[{"count":1,"href":"https:\/\/jorgezanoni.com.br\/2019\/wp-json\/wp\/v2\/posts\/83988\/revisions"}],"predecessor-version":[{"id":83991,"href":"https:\/\/jorgezanoni.com.br\/2019\/wp-json\/wp\/v2\/posts\/83988\/revisions\/83991"}],"wp:featuredmedia":[{"embeddable":true,"href":"https:\/\/jorgezanoni.com.br\/2019\/wp-json\/wp\/v2\/media\/83990"}],"wp:attachment":[{"href":"https:\/\/jorgezanoni.com.br\/2019\/wp-json\/wp\/v2\/media?parent=83988"}],"wp:term":[{"taxonomy":"category","embeddable":true,"href":"https:\/\/jorgezanoni.com.br\/2019\/wp-json\/wp\/v2\/categories?post=83988"},{"taxonomy":"post_tag","embeddable":true,"href":"https:\/\/jorgezanoni.com.br\/2019\/wp-json\/wp\/v2\/tags?post=83988"}],"curies":[{"name":"wp","href":"https:\/\/api.w.org\/{rel}","templated":true}]}}