{"id":83984,"date":"2024-01-25T17:12:54","date_gmt":"2024-01-25T17:12:54","guid":{"rendered":"https:\/\/jorgezanoni.com.br\/2019\/?p=83984"},"modified":"2024-01-25T17:12:54","modified_gmt":"2024-01-25T17:12:54","slug":"morre-jose-aparecido-rissi-antigo-morador-de-dracena","status":"publish","type":"post","link":"https:\/\/jorgezanoni.com.br\/2019\/morre-jose-aparecido-rissi-antigo-morador-de-dracena\/","title":{"rendered":"Morre Jos\u00e9 Aparecido Rissi, antigo morador de Dracena"},"content":{"rendered":"<p>Comunicamos com pesar o falecimento de Jos\u00e9 Aparecido Rissi de 73 anos. Ele passou por cirurgia de cora\u00e7\u00e3o ontem (24) em Presidente Prudente, teve complica\u00e7\u00f5es, n\u00e3o resistindo, vindo a \u00f3bito hoje (25).<\/p>\n<p>Deixa a esposa Neusa, filhos Juliano e Andr\u00e9, noras, netos, demais familiares e amigos.<\/p>\n<p>Trabalhou por muitos anos na extinta Lojas Hirai e praticou futebol na ABD no Cobra Futebol Clube.<\/p>\n<p>O SITE JZ e TOP TV se solidarizam com a fam\u00edlia e amigos, neste dif\u00edcil momento.<\/p>\n<p><img loading=\"lazy\" decoding=\"async\" class=\"alignnone size-full wp-image-83985\" src=\"https:\/\/jorgezanoni.com.br\/2019\/wp-content\/uploads\/2024\/01\/z-Jose-Aparecido-Rissi-1.jpg\" alt=\"\" width=\"437\" height=\"514\" srcset=\"https:\/\/jorgezanoni.com.br\/2019\/wp-content\/uploads\/2024\/01\/z-Jose-Aparecido-Rissi-1.jpg 437w, https:\/\/jorgezanoni.com.br\/2019\/wp-content\/uploads\/2024\/01\/z-Jose-Aparecido-Rissi-1-255x300.jpg 255w, https:\/\/jorgezanoni.com.br\/2019\/wp-content\/uploads\/2024\/01\/z-Jose-Aparecido-Rissi-1-357x420.jpg 357w\" sizes=\"auto, (max-width: 437px) 100vw, 437px\" \/><\/p>\n<p>O Vel\u00f3rio ser\u00e1 no Memorial Vida Prev (aguardem informa\u00e7\u00f5es)<\/p>\n<p>Jorge Zanoni<\/p>\n<p>&nbsp;<\/p>\n","protected":false},"excerpt":{"rendered":"<p>Comunicamos com pesar o falecimento de Jos\u00e9 Aparecido Rissi de 73 anos. Ele passou por cirurgia de cora\u00e7\u00e3o ontem (24) em Presidente Prudente, teve complica\u00e7\u00f5es, n\u00e3o resistindo, vindo a \u00f3bito hoje (25). Deixa a esposa Neusa, filhos Juliano e Andr\u00e9, noras, netos, demais familiares e amigos. Trabalhou por muitos anos na extinta Lojas Hirai e [&hellip;]<\/p>\n","protected":false},"author":1,"featured_media":83986,"comment_status":"closed","ping_status":"open","sticky":false,"template":"","format":"standard","meta":{"footnotes":""},"categories":[178,110],"tags":[],"class_list":["post-83984","post","type-post","status-publish","format-standard","has-post-thumbnail","hentry","category-notadefalecimento","category-noticiasdestaque"],"_links":{"self":[{"href":"https:\/\/jorgezanoni.com.br\/2019\/wp-json\/wp\/v2\/posts\/83984","targetHints":{"allow":["GET"]}}],"collection":[{"href":"https:\/\/jorgezanoni.com.br\/2019\/wp-json\/wp\/v2\/posts"}],"about":[{"href":"https:\/\/jorgezanoni.com.br\/2019\/wp-json\/wp\/v2\/types\/post"}],"author":[{"embeddable":true,"href":"https:\/\/jorgezanoni.com.br\/2019\/wp-json\/wp\/v2\/users\/1"}],"replies":[{"embeddable":true,"href":"https:\/\/jorgezanoni.com.br\/2019\/wp-json\/wp\/v2\/comments?post=83984"}],"version-history":[{"count":1,"href":"https:\/\/jorgezanoni.com.br\/2019\/wp-json\/wp\/v2\/posts\/83984\/revisions"}],"predecessor-version":[{"id":83987,"href":"https:\/\/jorgezanoni.com.br\/2019\/wp-json\/wp\/v2\/posts\/83984\/revisions\/83987"}],"wp:featuredmedia":[{"embeddable":true,"href":"https:\/\/jorgezanoni.com.br\/2019\/wp-json\/wp\/v2\/media\/83986"}],"wp:attachment":[{"href":"https:\/\/jorgezanoni.com.br\/2019\/wp-json\/wp\/v2\/media?parent=83984"}],"wp:term":[{"taxonomy":"category","embeddable":true,"href":"https:\/\/jorgezanoni.com.br\/2019\/wp-json\/wp\/v2\/categories?post=83984"},{"taxonomy":"post_tag","embeddable":true,"href":"https:\/\/jorgezanoni.com.br\/2019\/wp-json\/wp\/v2\/tags?post=83984"}],"curies":[{"name":"wp","href":"https:\/\/api.w.org\/{rel}","templated":true}]}}