{"id":83964,"date":"2024-01-24T18:17:25","date_gmt":"2024-01-24T18:17:25","guid":{"rendered":"https:\/\/jorgezanoni.com.br\/2019\/?p=83964"},"modified":"2024-01-24T18:17:25","modified_gmt":"2024-01-24T18:17:25","slug":"janeiro-branco-dpark-zona-azul-realiza-dinamicas-e-roda-de-conversa-com-colaboradores","status":"publish","type":"post","link":"https:\/\/jorgezanoni.com.br\/2019\/janeiro-branco-dpark-zona-azul-realiza-dinamicas-e-roda-de-conversa-com-colaboradores\/","title":{"rendered":"Janeiro Branco: dpark zona azul realiza din\u00e2micas e roda de conversa com colaboradores"},"content":{"rendered":"<p style=\"text-align: justify;\"><strong><em>O m\u00eas remete aos cuidados com a sa\u00fade mental e emocional.\u00a0<\/em><\/strong><\/p>\n<p style=\"text-align: justify;\">Em um mundo cada vez mais acelerado, a cobran\u00e7a e a compara\u00e7\u00e3o com o outro est\u00e3o presentes. A busca pela melhor performance e pela m\u00e1xima produtividade pode ter consequ\u00eancias negativas.<\/p>\n<p style=\"text-align: justify;\">Sabendo disso e priorizando o bem estar, a dpark zona azul realizou nesta semana uma roda de conversa e v\u00e1rias din\u00e2micas com os funcion\u00e1rios,\u00a0 em alus\u00e3o ao Janeiro Branco. O m\u00eas remete aos cuidados com a sa\u00fade mental e emocional.<\/p>\n<p style=\"text-align: justify;\">A coordenadora da dpark Juliana Abreu e a educadora f\u00edsica Amanda Dezembro estiveram \u00e0 frente das a\u00e7\u00f5es e ressaltaram a import\u00e2ncia do equil\u00edbrio emocional para encarar a rotina do dia a dia, al\u00e9m de criar la\u00e7os de uni\u00e3o e companheirismo com os colegas de trabalho.<\/p>\n<p style=\"text-align: justify;\">\u201cA atividade f\u00edsica ou outras atividades prazerosas s\u00e3o fundamentais para ter uma sa\u00fade mental em dia. E se for preciso, \u00e9 indispens\u00e1vel buscar ajuda profissional\u201d, disse Amanda.<\/p>\n<p style=\"text-align: justify;\">\u201cAs din\u00e2micas e a roda de conversa foram um momento de relaxamento. As nossas monitoras ficam nas ruas e trabalham com o p\u00fablico. A dpark tem essa preocupa\u00e7\u00e3o do bem estar com os funcion\u00e1rios\u201d, disse Juliana.<\/p>\n<p style=\"text-align: justify;\">A dpark zona azul apoia a causa e refor\u00e7a que a sa\u00fade \u00e9 o bem mais precioso do ser humano.<\/p>\n<p><img loading=\"lazy\" decoding=\"async\" class=\"alignnone size-full wp-image-83965\" src=\"https:\/\/jorgezanoni.com.br\/2019\/wp-content\/uploads\/2024\/01\/za-Pequeno.jpg\" alt=\"\" width=\"640\" height=\"480\" srcset=\"https:\/\/jorgezanoni.com.br\/2019\/wp-content\/uploads\/2024\/01\/za-Pequeno.jpg 640w, https:\/\/jorgezanoni.com.br\/2019\/wp-content\/uploads\/2024\/01\/za-Pequeno-300x225.jpg 300w, https:\/\/jorgezanoni.com.br\/2019\/wp-content\/uploads\/2024\/01\/za-Pequeno-80x60.jpg 80w, https:\/\/jorgezanoni.com.br\/2019\/wp-content\/uploads\/2024\/01\/za-Pequeno-265x198.jpg 265w, https:\/\/jorgezanoni.com.br\/2019\/wp-content\/uploads\/2024\/01\/za-Pequeno-560x420.jpg 560w\" sizes=\"auto, (max-width: 640px) 100vw, 640px\" \/> <img loading=\"lazy\" decoding=\"async\" class=\"alignnone size-full wp-image-83966\" src=\"https:\/\/jorgezanoni.com.br\/2019\/wp-content\/uploads\/2024\/01\/za1-Pequeno.jpg\" alt=\"\" width=\"640\" height=\"480\" srcset=\"https:\/\/jorgezanoni.com.br\/2019\/wp-content\/uploads\/2024\/01\/za1-Pequeno.jpg 640w, https:\/\/jorgezanoni.com.br\/2019\/wp-content\/uploads\/2024\/01\/za1-Pequeno-300x225.jpg 300w, https:\/\/jorgezanoni.com.br\/2019\/wp-content\/uploads\/2024\/01\/za1-Pequeno-80x60.jpg 80w, https:\/\/jorgezanoni.com.br\/2019\/wp-content\/uploads\/2024\/01\/za1-Pequeno-265x198.jpg 265w, https:\/\/jorgezanoni.com.br\/2019\/wp-content\/uploads\/2024\/01\/za1-Pequeno-560x420.jpg 560w\" sizes=\"auto, (max-width: 640px) 100vw, 640px\" \/> <img loading=\"lazy\" decoding=\"async\" class=\"alignnone size-full wp-image-83967\" src=\"https:\/\/jorgezanoni.com.br\/2019\/wp-content\/uploads\/2024\/01\/za2-Pequeno.jpg\" alt=\"\" width=\"640\" height=\"480\" srcset=\"https:\/\/jorgezanoni.com.br\/2019\/wp-content\/uploads\/2024\/01\/za2-Pequeno.jpg 640w, https:\/\/jorgezanoni.com.br\/2019\/wp-content\/uploads\/2024\/01\/za2-Pequeno-300x225.jpg 300w, https:\/\/jorgezanoni.com.br\/2019\/wp-content\/uploads\/2024\/01\/za2-Pequeno-80x60.jpg 80w, https:\/\/jorgezanoni.com.br\/2019\/wp-content\/uploads\/2024\/01\/za2-Pequeno-265x198.jpg 265w, https:\/\/jorgezanoni.com.br\/2019\/wp-content\/uploads\/2024\/01\/za2-Pequeno-560x420.jpg 560w\" sizes=\"auto, (max-width: 640px) 100vw, 640px\" \/> <img loading=\"lazy\" decoding=\"async\" class=\"alignnone size-full wp-image-83969\" src=\"https:\/\/jorgezanoni.com.br\/2019\/wp-content\/uploads\/2024\/01\/za4-Pequeno.jpg\" alt=\"\" width=\"640\" height=\"480\" srcset=\"https:\/\/jorgezanoni.com.br\/2019\/wp-content\/uploads\/2024\/01\/za4-Pequeno.jpg 640w, https:\/\/jorgezanoni.com.br\/2019\/wp-content\/uploads\/2024\/01\/za4-Pequeno-300x225.jpg 300w, https:\/\/jorgezanoni.com.br\/2019\/wp-content\/uploads\/2024\/01\/za4-Pequeno-80x60.jpg 80w, https:\/\/jorgezanoni.com.br\/2019\/wp-content\/uploads\/2024\/01\/za4-Pequeno-265x198.jpg 265w, https:\/\/jorgezanoni.com.br\/2019\/wp-content\/uploads\/2024\/01\/za4-Pequeno-560x420.jpg 560w\" sizes=\"auto, (max-width: 640px) 100vw, 640px\" \/><\/p>\n<p>Fonte:\u00a0N\u00facleo de Comunica\u00e7\u00e3o\/dpark zona azul<\/p>\n","protected":false},"excerpt":{"rendered":"<p>O m\u00eas remete aos cuidados com a sa\u00fade mental e emocional.\u00a0 Em um mundo cada vez mais acelerado, a cobran\u00e7a e a compara\u00e7\u00e3o com o outro est\u00e3o presentes. A busca pela melhor performance e pela m\u00e1xima produtividade pode ter consequ\u00eancias negativas. Sabendo disso e priorizando o bem estar, a dpark zona azul realizou nesta semana [&hellip;]<\/p>\n","protected":false},"author":1,"featured_media":83968,"comment_status":"closed","ping_status":"open","sticky":false,"template":"","format":"standard","meta":{"footnotes":""},"categories":[180,110],"tags":[],"class_list":["post-83964","post","type-post","status-publish","format-standard","has-post-thumbnail","hentry","category-estradastransitoveiculos","category-noticiasdestaque"],"_links":{"self":[{"href":"https:\/\/jorgezanoni.com.br\/2019\/wp-json\/wp\/v2\/posts\/83964","targetHints":{"allow":["GET"]}}],"collection":[{"href":"https:\/\/jorgezanoni.com.br\/2019\/wp-json\/wp\/v2\/posts"}],"about":[{"href":"https:\/\/jorgezanoni.com.br\/2019\/wp-json\/wp\/v2\/types\/post"}],"author":[{"embeddable":true,"href":"https:\/\/jorgezanoni.com.br\/2019\/wp-json\/wp\/v2\/users\/1"}],"replies":[{"embeddable":true,"href":"https:\/\/jorgezanoni.com.br\/2019\/wp-json\/wp\/v2\/comments?post=83964"}],"version-history":[{"count":1,"href":"https:\/\/jorgezanoni.com.br\/2019\/wp-json\/wp\/v2\/posts\/83964\/revisions"}],"predecessor-version":[{"id":83970,"href":"https:\/\/jorgezanoni.com.br\/2019\/wp-json\/wp\/v2\/posts\/83964\/revisions\/83970"}],"wp:featuredmedia":[{"embeddable":true,"href":"https:\/\/jorgezanoni.com.br\/2019\/wp-json\/wp\/v2\/media\/83968"}],"wp:attachment":[{"href":"https:\/\/jorgezanoni.com.br\/2019\/wp-json\/wp\/v2\/media?parent=83964"}],"wp:term":[{"taxonomy":"category","embeddable":true,"href":"https:\/\/jorgezanoni.com.br\/2019\/wp-json\/wp\/v2\/categories?post=83964"},{"taxonomy":"post_tag","embeddable":true,"href":"https:\/\/jorgezanoni.com.br\/2019\/wp-json\/wp\/v2\/tags?post=83964"}],"curies":[{"name":"wp","href":"https:\/\/api.w.org\/{rel}","templated":true}]}}