{"id":8396,"date":"2019-10-10T01:32:17","date_gmt":"2019-10-10T01:32:17","guid":{"rendered":"https:\/\/jorgezanoni.com.br\/2019\/?p=8396"},"modified":"2019-10-10T01:32:17","modified_gmt":"2019-10-10T01:32:17","slug":"santa-casa-de-dracena-anuncia-a-inauguracao-do-banco-de-sangue-e-elevador-hospitalar","status":"publish","type":"post","link":"https:\/\/jorgezanoni.com.br\/2019\/santa-casa-de-dracena-anuncia-a-inauguracao-do-banco-de-sangue-e-elevador-hospitalar\/","title":{"rendered":"Santa Casa de Dracena anuncia a inaugura\u00e7\u00e3o do Banco de Sangue e Elevador Hospitalar"},"content":{"rendered":"<p style=\"text-align: justify;\"><strong>INAUGURA\u00c7\u00c3O DO BANCO DE SANGUE E DO ELEVADOR HOSPITALAR.<\/strong><\/p>\n<p style=\"text-align: justify;\">A Santa Casa de Dracena ir\u00e1 promover ato solene de inaugura\u00e7\u00e3o, um referente as obras de adequa\u00e7\u00e3o do Banco de Sangue e outra para in\u00edcio de funcionamento do elevador hospitalar, para ocorrer no pr\u00f3ximo dia 14 DE OUTUBRO \u00c0S 09 HORAS.<\/p>\n<p style=\"text-align: justify;\">O evento contar\u00e1 com a presen\u00e7a do Deputado Estadual REINALDO ALGUZ, respons\u00e1vel por protagonizar a capta\u00e7\u00e3o de recursos para viabiliza\u00e7\u00e3o dos empreendimentos, no caso da reforma do Banco de Sangue, atrav\u00e9s da parceira com o ent\u00e3o Deputado Federal<br \/>\nEvandro Gussi, junto ao Minist\u00e9rio da Sa\u00fade, os recursos necess\u00e1rios para reforma e adequa\u00e7\u00e3o da unidade.<\/p>\n<p style=\"text-align: justify;\">O Banco de Sangue \u00e9 um \u00f3rg\u00e3o primordial para a sa\u00fade p\u00fablica e tem por responsabilidade fornecer servi\u00e7os provenientes da necessidade de componentes hemoter\u00e1picos decorrentes de doa\u00e7\u00f5es volunt\u00e1rias, sendo vital para salvar vidas que necessitam de uma transfus\u00e3o sangu\u00ednea devido a situa\u00e7\u00f5es patol\u00f3gicas, cir\u00fargicas e de acidentes que levem a perda significativa de sangue, como se refere o Dr. Silvio Adir Miguel, m\u00e9dico respons\u00e1vel pelo setor de hemoterapia do hospital.<\/p>\n<p style=\"text-align: justify;\">O elevador hospitalar, que liga o t\u00e9rreo ao segundo e terceiro piso do hospital, teve verba conquistada junto a Secretaria de Sa\u00fade do Governo do Estado de S\u00e3o Paulo. Sendo imperioso dizer da necessidade do elevador com a ativa\u00e7\u00e3o de leitos no chamado terceiro<br \/>\npiso, no acesso direto ao centro cir\u00fargico e depend\u00eancias que se localizam ao longo dos pisos superiores, sem contar com a qualidade na acessibilidade, conquista festejada pelos m\u00e9dicos e profissionais que atuam diretamente no tratamento dos pacientes, como ressalta o Diretor T\u00e9cnico da unidade \u2013 Dr. Pablo Fabian Aviles Cabrera.<\/p>\n<p style=\"text-align: justify;\">Sobre as melhorias em inaugura\u00e7\u00e3o o Diretor Cl\u00ednico m exerc\u00edcio \u2013 Dr. Adolfo Mansano Garcia salientou que a entrega que se faz do Banco de Sangue e do elevador hospitalar tinham sido reivindicados a algum tempo e que isto sem d\u00favida trar\u00e1 significativa melhoria no atendimento hospitalar, primordialmente para aten\u00e7\u00e3o ao Sistema \u00danico de Sa\u00fade, cujo contingente \u00e9 a grande maioria.<\/p>\n<p style=\"text-align: justify;\">A Diretoria Administrativa atrav\u00e9s do Provedor \u2013 Sr. Altamir Alves dos Santos, faz o agradecimento a todos os colaboradores indistintamente, salientando, por\u00e9m, como fundamental a compreens\u00e3o do Deputado Reinaldo Alguz na condu\u00e7\u00e3o do processo de viabiliza\u00e7\u00e3o de recursos na reforma do Banco de Sangue e para o elevador hospitalar, sentindo-se feliz pelas inaugura\u00e7\u00f5es, reafirmando que se tratam de melhorias voltadas \u00e0 comunidade.<\/p>\n<p style=\"text-align: justify;\">EM ARREMATE A SANTA CASA INFORMA AOS ABNEGADOS DOADORES QUE, EM RAZ\u00c3O DA REALOCA\u00c7\u00c3O DOS SERVI\u00c7OS PARA O PR\u00c9DIO A SER INAUGURADO, N\u00c3O SER\u00c1 POSS\u00cdVEL PRESTAR ATENDIMENTO, ESPECIFICAMENTE PARA ACOLHER DOA\u00c7\u00d5ES, NOS DIAS 10, 11 E 14 DE OUTUBRO, NORMALIZANDO-SE O ATENDIMENTO EM 15 DE OUTUBRO.<\/p>\n<p style=\"text-align: justify;\">Fonte: Assessoria de Imprensa Santa Casa<\/p>\n","protected":false},"excerpt":{"rendered":"<p>INAUGURA\u00c7\u00c3O DO BANCO DE SANGUE E DO ELEVADOR HOSPITALAR. A Santa Casa de Dracena ir\u00e1 promover ato solene de inaugura\u00e7\u00e3o, um referente as obras de adequa\u00e7\u00e3o do Banco de Sangue e outra para in\u00edcio de funcionamento do elevador hospitalar, para ocorrer no pr\u00f3ximo dia 14 DE OUTUBRO \u00c0S 09 HORAS. O evento contar\u00e1 com a [&hellip;]<\/p>\n","protected":false},"author":1,"featured_media":8397,"comment_status":"closed","ping_status":"open","sticky":false,"template":"","format":"standard","meta":{"footnotes":""},"categories":[110,122],"tags":[],"class_list":["post-8396","post","type-post","status-publish","format-standard","has-post-thumbnail","hentry","category-noticiasdestaque","category-saudeeducacaoeconcurso"],"_links":{"self":[{"href":"https:\/\/jorgezanoni.com.br\/2019\/wp-json\/wp\/v2\/posts\/8396","targetHints":{"allow":["GET"]}}],"collection":[{"href":"https:\/\/jorgezanoni.com.br\/2019\/wp-json\/wp\/v2\/posts"}],"about":[{"href":"https:\/\/jorgezanoni.com.br\/2019\/wp-json\/wp\/v2\/types\/post"}],"author":[{"embeddable":true,"href":"https:\/\/jorgezanoni.com.br\/2019\/wp-json\/wp\/v2\/users\/1"}],"replies":[{"embeddable":true,"href":"https:\/\/jorgezanoni.com.br\/2019\/wp-json\/wp\/v2\/comments?post=8396"}],"version-history":[{"count":0,"href":"https:\/\/jorgezanoni.com.br\/2019\/wp-json\/wp\/v2\/posts\/8396\/revisions"}],"wp:featuredmedia":[{"embeddable":true,"href":"https:\/\/jorgezanoni.com.br\/2019\/wp-json\/wp\/v2\/media\/8397"}],"wp:attachment":[{"href":"https:\/\/jorgezanoni.com.br\/2019\/wp-json\/wp\/v2\/media?parent=8396"}],"wp:term":[{"taxonomy":"category","embeddable":true,"href":"https:\/\/jorgezanoni.com.br\/2019\/wp-json\/wp\/v2\/categories?post=8396"},{"taxonomy":"post_tag","embeddable":true,"href":"https:\/\/jorgezanoni.com.br\/2019\/wp-json\/wp\/v2\/tags?post=8396"}],"curies":[{"name":"wp","href":"https:\/\/api.w.org\/{rel}","templated":true}]}}