{"id":83951,"date":"2024-01-24T01:31:01","date_gmt":"2024-01-24T01:31:01","guid":{"rendered":"https:\/\/jorgezanoni.com.br\/2019\/?p=83951"},"modified":"2024-01-24T01:31:01","modified_gmt":"2024-01-24T01:31:01","slug":"comeca-a-pintura-da-igreja-matriz-nossa-senhora-aparecida-de-dracena","status":"publish","type":"post","link":"https:\/\/jorgezanoni.com.br\/2019\/comeca-a-pintura-da-igreja-matriz-nossa-senhora-aparecida-de-dracena\/","title":{"rendered":"Come\u00e7a a pintura da Igreja Matriz Nossa Senhora Aparecida de Dracena"},"content":{"rendered":"<p style=\"text-align: justify;\">A Par\u00f3quia Nossa Senhora Aparecida deu in\u00edcio aos trabalhos de pintura geral da Igreja Matriz, que \u00e9 considerado um cart\u00e3o postal da Cidade Milagre. O frei Alonso Pires fez uma ora\u00e7\u00e3o e deu a b\u00ean\u00e7\u00e3o para a equipe de profissionais. O prazo previsto de trabalho \u00e9 de at\u00e9 seis meses.<\/p>\n<p style=\"text-align: justify;\">A popula\u00e7\u00e3o e demais interessados podem colaborar com doa\u00e7\u00f5es em dinheiro para a cobertura dos gastos com material e m\u00e3o de obra.<\/p>\n<p style=\"text-align: justify;\">O Pix pode ser feito em nome da Mitra Diocesana de Mar\u00edlia\/Par\u00f3quia Nossa Senhora Aparecida de Dracena. Chave Pix 52.059.797\/0046-06.<\/p>\n<p>As duas \u00faltimas pinturas ocorreram em 1998 e 2011.<\/p>\n<p><img loading=\"lazy\" decoding=\"async\" class=\"alignnone size-full wp-image-83952\" src=\"https:\/\/jorgezanoni.com.br\/2019\/wp-content\/uploads\/2024\/01\/z-padre1-Pequeno.jpg\" alt=\"\" width=\"589\" height=\"480\" srcset=\"https:\/\/jorgezanoni.com.br\/2019\/wp-content\/uploads\/2024\/01\/z-padre1-Pequeno.jpg 589w, https:\/\/jorgezanoni.com.br\/2019\/wp-content\/uploads\/2024\/01\/z-padre1-Pequeno-300x244.jpg 300w, https:\/\/jorgezanoni.com.br\/2019\/wp-content\/uploads\/2024\/01\/z-padre1-Pequeno-515x420.jpg 515w\" sizes=\"auto, (max-width: 589px) 100vw, 589px\" \/> <img loading=\"lazy\" decoding=\"async\" class=\"alignnone size-full wp-image-83953\" src=\"https:\/\/jorgezanoni.com.br\/2019\/wp-content\/uploads\/2024\/01\/z-padre-Pequeno.jpg\" alt=\"\" width=\"643\" height=\"480\" srcset=\"https:\/\/jorgezanoni.com.br\/2019\/wp-content\/uploads\/2024\/01\/z-padre-Pequeno.jpg 643w, https:\/\/jorgezanoni.com.br\/2019\/wp-content\/uploads\/2024\/01\/z-padre-Pequeno-300x224.jpg 300w, https:\/\/jorgezanoni.com.br\/2019\/wp-content\/uploads\/2024\/01\/z-padre-Pequeno-80x60.jpg 80w, https:\/\/jorgezanoni.com.br\/2019\/wp-content\/uploads\/2024\/01\/z-padre-Pequeno-265x198.jpg 265w, https:\/\/jorgezanoni.com.br\/2019\/wp-content\/uploads\/2024\/01\/z-padre-Pequeno-563x420.jpg 563w\" sizes=\"auto, (max-width: 643px) 100vw, 643px\" \/><\/p>\n<p>Fonte: Bastidores da Not\u00edcia<\/p>\n","protected":false},"excerpt":{"rendered":"<p>A Par\u00f3quia Nossa Senhora Aparecida deu in\u00edcio aos trabalhos de pintura geral da Igreja Matriz, que \u00e9 considerado um cart\u00e3o postal da Cidade Milagre. O frei Alonso Pires fez uma ora\u00e7\u00e3o e deu a b\u00ean\u00e7\u00e3o para a equipe de profissionais. O prazo previsto de trabalho \u00e9 de at\u00e9 seis meses. A popula\u00e7\u00e3o e demais interessados [&hellip;]<\/p>\n","protected":false},"author":1,"featured_media":83954,"comment_status":"closed","ping_status":"open","sticky":false,"template":"","format":"standard","meta":{"footnotes":""},"categories":[110,118],"tags":[],"class_list":["post-83951","post","type-post","status-publish","format-standard","has-post-thumbnail","hentry","category-noticiasdestaque","category-religiaoesolidariedade"],"_links":{"self":[{"href":"https:\/\/jorgezanoni.com.br\/2019\/wp-json\/wp\/v2\/posts\/83951","targetHints":{"allow":["GET"]}}],"collection":[{"href":"https:\/\/jorgezanoni.com.br\/2019\/wp-json\/wp\/v2\/posts"}],"about":[{"href":"https:\/\/jorgezanoni.com.br\/2019\/wp-json\/wp\/v2\/types\/post"}],"author":[{"embeddable":true,"href":"https:\/\/jorgezanoni.com.br\/2019\/wp-json\/wp\/v2\/users\/1"}],"replies":[{"embeddable":true,"href":"https:\/\/jorgezanoni.com.br\/2019\/wp-json\/wp\/v2\/comments?post=83951"}],"version-history":[{"count":1,"href":"https:\/\/jorgezanoni.com.br\/2019\/wp-json\/wp\/v2\/posts\/83951\/revisions"}],"predecessor-version":[{"id":83955,"href":"https:\/\/jorgezanoni.com.br\/2019\/wp-json\/wp\/v2\/posts\/83951\/revisions\/83955"}],"wp:featuredmedia":[{"embeddable":true,"href":"https:\/\/jorgezanoni.com.br\/2019\/wp-json\/wp\/v2\/media\/83954"}],"wp:attachment":[{"href":"https:\/\/jorgezanoni.com.br\/2019\/wp-json\/wp\/v2\/media?parent=83951"}],"wp:term":[{"taxonomy":"category","embeddable":true,"href":"https:\/\/jorgezanoni.com.br\/2019\/wp-json\/wp\/v2\/categories?post=83951"},{"taxonomy":"post_tag","embeddable":true,"href":"https:\/\/jorgezanoni.com.br\/2019\/wp-json\/wp\/v2\/tags?post=83951"}],"curies":[{"name":"wp","href":"https:\/\/api.w.org\/{rel}","templated":true}]}}