{"id":83871,"date":"2024-01-19T15:53:09","date_gmt":"2024-01-19T15:53:09","guid":{"rendered":"https:\/\/jorgezanoni.com.br\/2019\/?p=83871"},"modified":"2024-01-19T15:54:20","modified_gmt":"2024-01-19T15:54:20","slug":"morador-de-junqueiropolis-policial-aposentado-morre-em-acidente-em-paranaiba-ms","status":"publish","type":"post","link":"https:\/\/jorgezanoni.com.br\/2019\/morador-de-junqueiropolis-policial-aposentado-morre-em-acidente-em-paranaiba-ms\/","title":{"rendered":"Morador de Junqueir\u00f3polis policial aposentado morre em acidente em Parana\u00edba\/MS."},"content":{"rendered":"<p style=\"text-align: justify;\"><strong>Osvaldo Vitolo \u00e9 a v\u00edtima fatal deste lament\u00e1vel acidente envolvendo um caminh\u00e3o guinho que ele dirigia, e uma carreta.<\/strong><\/p>\n<p style=\"text-align: justify;\">Segundo boletim de ocorr\u00eancia, Osvaldo conduzia um caminh\u00e3o guincho, sentido de Cassil\u00e2ndia a Parana\u00edba, quando invadiu a pista contr\u00e1ria e colidiu com um caminh\u00e3o trator.<\/p>\n<p style=\"text-align: justify;\">A colis\u00e3o entre os caminh\u00f5es na noite de ontem (18), foi na BR-158, munic\u00edpio de Parana\u00edba\/MS, distante 408 Km. de Campo Grande\/MS.<\/p>\n<p style=\"text-align: justify;\">V\u00edtima faleceu no local, n\u00e3o houve tempo para o socorro.<\/p>\n<p style=\"text-align: justify;\">Uma equipe da PRF (Pol\u00edcia Rodovi\u00e1ria Federal esteve no local. As circunst\u00e2ncias do acidente ser\u00e3o investigadas. O caso foi registrado como &#8220;morte a esclarecer&#8221;.<\/p>\n<p><img loading=\"lazy\" decoding=\"async\" class=\"alignnone size-full wp-image-83873\" src=\"https:\/\/jorgezanoni.com.br\/2019\/wp-content\/uploads\/2024\/01\/Vitolo1-Pequeno.jpeg\" alt=\"\" width=\"622\" height=\"480\" srcset=\"https:\/\/jorgezanoni.com.br\/2019\/wp-content\/uploads\/2024\/01\/Vitolo1-Pequeno.jpeg 622w, https:\/\/jorgezanoni.com.br\/2019\/wp-content\/uploads\/2024\/01\/Vitolo1-Pequeno-300x232.jpeg 300w, https:\/\/jorgezanoni.com.br\/2019\/wp-content\/uploads\/2024\/01\/Vitolo1-Pequeno-544x420.jpeg 544w\" sizes=\"auto, (max-width: 622px) 100vw, 622px\" \/> <img loading=\"lazy\" decoding=\"async\" class=\"alignnone size-full wp-image-83874\" src=\"https:\/\/jorgezanoni.com.br\/2019\/wp-content\/uploads\/2024\/01\/Vitolo2-Pequeno.jpeg\" alt=\"\" width=\"853\" height=\"480\" srcset=\"https:\/\/jorgezanoni.com.br\/2019\/wp-content\/uploads\/2024\/01\/Vitolo2-Pequeno.jpeg 853w, https:\/\/jorgezanoni.com.br\/2019\/wp-content\/uploads\/2024\/01\/Vitolo2-Pequeno-300x169.jpeg 300w, https:\/\/jorgezanoni.com.br\/2019\/wp-content\/uploads\/2024\/01\/Vitolo2-Pequeno-768x432.jpeg 768w, https:\/\/jorgezanoni.com.br\/2019\/wp-content\/uploads\/2024\/01\/Vitolo2-Pequeno-696x392.jpeg 696w, https:\/\/jorgezanoni.com.br\/2019\/wp-content\/uploads\/2024\/01\/Vitolo2-Pequeno-746x420.jpeg 746w\" sizes=\"auto, (max-width: 853px) 100vw, 853px\" \/><\/p>\n<p>Fonte: Campo Grande News<\/p>\n<p>&nbsp;<\/p>\n<p>&nbsp;<\/p>\n<p>&nbsp;<\/p>\n<p>&nbsp;<\/p>\n","protected":false},"excerpt":{"rendered":"<p>Osvaldo Vitolo \u00e9 a v\u00edtima fatal deste lament\u00e1vel acidente envolvendo um caminh\u00e3o guinho que ele dirigia, e uma carreta. Segundo boletim de ocorr\u00eancia, Osvaldo conduzia um caminh\u00e3o guincho, sentido de Cassil\u00e2ndia a Parana\u00edba, quando invadiu a pista contr\u00e1ria e colidiu com um caminh\u00e3o trator. A colis\u00e3o entre os caminh\u00f5es na noite de ontem (18), foi [&hellip;]<\/p>\n","protected":false},"author":1,"featured_media":83872,"comment_status":"closed","ping_status":"open","sticky":false,"template":"","format":"standard","meta":{"footnotes":""},"categories":[170,110],"tags":[],"class_list":["post-83871","post","type-post","status-publish","format-standard","has-post-thumbnail","hentry","category-acidentes","category-noticiasdestaque"],"_links":{"self":[{"href":"https:\/\/jorgezanoni.com.br\/2019\/wp-json\/wp\/v2\/posts\/83871","targetHints":{"allow":["GET"]}}],"collection":[{"href":"https:\/\/jorgezanoni.com.br\/2019\/wp-json\/wp\/v2\/posts"}],"about":[{"href":"https:\/\/jorgezanoni.com.br\/2019\/wp-json\/wp\/v2\/types\/post"}],"author":[{"embeddable":true,"href":"https:\/\/jorgezanoni.com.br\/2019\/wp-json\/wp\/v2\/users\/1"}],"replies":[{"embeddable":true,"href":"https:\/\/jorgezanoni.com.br\/2019\/wp-json\/wp\/v2\/comments?post=83871"}],"version-history":[{"count":1,"href":"https:\/\/jorgezanoni.com.br\/2019\/wp-json\/wp\/v2\/posts\/83871\/revisions"}],"predecessor-version":[{"id":83875,"href":"https:\/\/jorgezanoni.com.br\/2019\/wp-json\/wp\/v2\/posts\/83871\/revisions\/83875"}],"wp:featuredmedia":[{"embeddable":true,"href":"https:\/\/jorgezanoni.com.br\/2019\/wp-json\/wp\/v2\/media\/83872"}],"wp:attachment":[{"href":"https:\/\/jorgezanoni.com.br\/2019\/wp-json\/wp\/v2\/media?parent=83871"}],"wp:term":[{"taxonomy":"category","embeddable":true,"href":"https:\/\/jorgezanoni.com.br\/2019\/wp-json\/wp\/v2\/categories?post=83871"},{"taxonomy":"post_tag","embeddable":true,"href":"https:\/\/jorgezanoni.com.br\/2019\/wp-json\/wp\/v2\/tags?post=83871"}],"curies":[{"name":"wp","href":"https:\/\/api.w.org\/{rel}","templated":true}]}}