{"id":8375,"date":"2019-10-09T23:39:58","date_gmt":"2019-10-09T23:39:58","guid":{"rendered":"https:\/\/jorgezanoni.com.br\/2019\/?p=8375"},"modified":"2019-10-09T23:39:58","modified_gmt":"2019-10-09T23:39:58","slug":"confira-o-plantao-policial-das-ultimas-horas-09-10-19","status":"publish","type":"post","link":"https:\/\/jorgezanoni.com.br\/2019\/confira-o-plantao-policial-das-ultimas-horas-09-10-19\/","title":{"rendered":"Confira o Plant\u00e3o Policial das \u00daltimas Horas 09\/10\/19"},"content":{"rendered":"<p style=\"text-align: justify;\"><strong>POLICIAIS MILITARES DO 25\u00ba BPM\/I, RETIRAM DE CIRCULA\u00c7\u00c3O, 6 PESSOAS PROCURADAS DA JUSTI\u00c7A.<\/strong><\/p>\n<p style=\"text-align: justify;\">Cumprimento de Mandado de Pris\u00e3o.<\/p>\n<p style=\"text-align: justify;\">Policiais militares do 25\u00ba BPM\/I, retiraram de circula\u00e7\u00e3o neste final de semana, 06 pessoas que tinham contra si, Mandados de Pris\u00e3o. As pris\u00f5es ocorreram em diversas cidades da regi\u00e3o, sendo Tupi Paulista,Pacaembu, Salmour\u00e3o, Adamantina, Fl\u00f3rida Paulista e Ouro Verde.<\/p>\n<p style=\"text-align: justify;\"><strong>HOMEM \u00c9 PRESO PELA POL\u00cdCIA MILITAR EM PRACINHA\/SP, POR AGREDIR COMPANHEIRA. <\/strong><\/p>\n<p style=\"text-align: justify;\">Les\u00e3o Corporal, Lei Maria da Penha &#8211; Flagrante.<\/p>\n<p style=\"text-align: justify;\">Data: 06OUT19 \u00e0s 01h34min.<\/p>\n<p style=\"text-align: justify;\">Endere\u00e7o: Rua Jos\u00e9 Bonif\u00e1cio \u2013 Rural &#8211; Pracinha\/SP.<\/p>\n<p style=\"text-align: justify;\">V\u00edtima 01: K.F.O.<\/p>\n<p style=\"text-align: justify;\">Vitima 02: A.F.S.<\/p>\n<p style=\"text-align: justify;\">Autor: F.W.S.<\/p>\n<p style=\"text-align: justify;\">Na madrugada do dia 06\/10, por volta das 01h34min, os Policiais Militares de Pracinha, foram acionados para atender ocorr\u00eancia de agress\u00e3o. No localfoi constatado que o autor F.W.S. e as v\u00edtimas haviam entrado em viasde fato pela rua, onde no decorrer das discuss\u00f5es, o autor teria agrediu sua amasia K.F.O. e a A.F.S.<\/p>\n<p style=\"text-align: justify;\">Devido aos fatos, foi dada voz de pris\u00e3o ao autor que foi preso pela Lei N\u00ba 11340\/06 Maria da Penha, permanecendo a disposi\u00e7\u00e3o da justi\u00e7a.<\/p>\n<p style=\"text-align: justify;\"><strong>HOMEM \u00c9 PRESO PELA POL\u00cdCIA MILITAR EM OSVALDO CRUZ\/SP, POR TR\u00c1FICO DE DROGAS.<\/strong><\/p>\n<p style=\"text-align: justify;\">Tr\u00e1fico de droga &#8211; Flagrante.<\/p>\n<p style=\"text-align: justify;\">Data: 06OUT19 \u00e0s 03h11min.<\/p>\n<p style=\"text-align: justify;\">Endere\u00e7o: Rua Santa Cecilia\u2013 Centro -Osvaldo Cruz\/SP.<\/p>\n<p style=\"text-align: justify;\">Autor: J.P.L.<\/p>\n<p style=\"text-align: justify;\">Apreens\u00f5es: 0,039 Kg de maconha e 01 aparelho Samsung J4.<\/p>\n<p style=\"text-align: justify;\">No dia 09\/10, por volta das 03h11min., durante patrulhamento de For\u00e7a T\u00e1tica por Osvaldo Cruz, os policiais avistaram um ve\u00edculo VW\/Gol com placas dePresidente Prudente\/SP, pela Rua Jap\u00e3o. Ve\u00edculo foi abordado e o condutor submetido a busca pessoal e nada de il\u00edcito foi encontrado, por\u00e9m assumiu ter drogas em sua resid\u00eancia. Na resid\u00eancia foi realizada buscas, sendo encontrado dentro da geladeira, uma por\u00e7\u00e3o de maconha (0,039 kg) e em um c\u00f4modo foi encontrado tamb\u00e9m uma balan\u00e7a, tesoura e papel filme. Dado voz de pris\u00e3o ao autor que permaneceu preso pelo crime de tr\u00e1fico de drogas.<\/p>\n<p style=\"text-align: justify;\"><strong>FUGITIVO DO CPP DE PACAEMBU E OUTRAS 3 PESSOAS S\u00c3O PRESOS PELA <\/strong><\/p>\n<p style=\"text-align: justify;\"><strong>POL\u00cdCIA MILITAR. <\/strong><\/p>\n<p style=\"text-align: justify;\">Fugitivo Recapturado\/Facilita\u00e7\u00e3o de fuga- Flagrante.<\/p>\n<p style=\"text-align: justify;\">Data: 06OUT19 \u00e0s 15h00min.<\/p>\n<p style=\"text-align: justify;\">Endere\u00e7o: Rodovia SP294, KM 615 \u2013 Bairro S\u00e3o Sim\u00e3o &#8211; Pacaembu\/SP.<\/p>\n<p style=\"text-align: justify;\">Recapturado: O.L.F.A.<\/p>\n<p style=\"text-align: justify;\">Autor: L.A.F.A.<\/p>\n<p style=\"text-align: justify;\">Autora 01: R.C.F.S.<\/p>\n<p style=\"text-align: justify;\">Autora 02: K.O.A.R.<\/p>\n<p style=\"text-align: justify;\">Apreens\u00f5es: 01 Faca cabo de pl\u00e1stico \u2013 0,002 Kg de Coca\u00edna \u2013 01 Autom\u00f3vel (apreens\u00e3o pelo DP).<\/p>\n<p style=\"text-align: justify;\">Na tarde deste domingo, os Policiais Militares foram acionados via Copom, devido a fuga de preso ocorrido pelo CPP de Pacaembu, onde o sentenciado O.L.F.A., estariadentro de um ve\u00edculo Sandero, fugindo sentido Florida Paulista pela rodovia SP 294. Com as caracter\u00edsticas do ve\u00edculo foi realizado patrulhamento pela rodovia e imedia\u00e7\u00f5es, sendo logrado \u00eaxito em localizar e abordar o ve\u00edculo que tinha cinco passageiros, entre eles o foragido. Durante a abordagem, a R.C.F.S. (m\u00e3e do foragido), come\u00e7ou ase exaltar, desobedecendo e resistindo as ordenspoliciais militares, onde recebeu voz de pris\u00e3o por desobedi\u00eancia. Em busca pessoalnos envolvidos nada de il\u00edcito foi localizado, por\u00e9m em vistoria veicular foi localizado uma faca de cozinha e dois saches pequenos de coca\u00edna pertencentes ao L.A.F.A. O ve\u00edculo ainda tinha como passageira a K.O.A.R.<\/p>\n<p style=\"text-align: justify;\">Diante dos fatos, foi dada voz pris\u00e3o em flagrante delito aosenvolvidos, que permaneceram a disposi\u00e7\u00e3o da justi\u00e7a por promover ou facilitar a fuga de pessoa legalmente presa. No ve\u00edculo ainda se encontrava uma crian\u00e7a de 6 anos, filho do foragido, que ap\u00f3s a ocorr\u00eancia foi encaminhado a um abrigo em Adamantina.<\/p>\n<p style=\"text-align: justify;\"><strong>HOMEM \u00c9 PRESO EM DRACENA POR DESCUMPRIMENTO DE MEDIDA PROTETIVA.<\/strong><\/p>\n<p style=\"text-align: justify;\">Descumprimento de Medida Protetiva \u2013 flagrante.<\/p>\n<p style=\"text-align: justify;\">Data: 06OUT19 \u00e0s 11h40min.<\/p>\n<p style=\"text-align: justify;\">Endere\u00e7o: Rua Vin\u00edcius de Morais &#8211; Dracena \/SP.<\/p>\n<p style=\"text-align: justify;\">Autor: G.S.S.<\/p>\n<p style=\"text-align: justify;\">V\u00edtima: M.R.T.<\/p>\n<p style=\"text-align: justify;\">Na manh\u00e3 deste domingo 06, os Policiais Militares de Dracena, foram acionados via Copom, pois o autor G.S.S., estaria na frente da casa da v\u00edtima M.R.T., descumprindo uma medida protetiva que determina uma dist\u00e2ncia de 100 metros de suaex-mulher. No local os policiais encontraram o autor que estava muito alterado, e por esse motivo, j\u00e1 sabendo da exist\u00eancia da ordem judicial, o autor recebeu voz de pris\u00e3o em flagrante delito por descumprir a ordem judicial,permanecendo recolhido \u00e0 disposi\u00e7\u00e3o da justi\u00e7a.<\/p>\n<p style=\"text-align: justify;\">#25BPMI<\/p>\n<p style=\"text-align: justify;\">#POLICIAMILITARSP<\/p>\n<p style=\"text-align: justify;\">#AFOR\u00c7AP\u00daBLICADES\u00c3OPAULO<\/p>\n<p style=\"text-align: justify;\">Fonte: COMUNICA\u00c7\u00c3O SOCIAL DO 25\u00ba BPM\/I &#8211; Dracena e regi\u00e3o.<\/p>\n","protected":false},"excerpt":{"rendered":"<p>POLICIAIS MILITARES DO 25\u00ba BPM\/I, RETIRAM DE CIRCULA\u00c7\u00c3O, 6 PESSOAS PROCURADAS DA JUSTI\u00c7A. Cumprimento de Mandado de Pris\u00e3o. Policiais militares do 25\u00ba BPM\/I, retiraram de circula\u00e7\u00e3o neste final de semana, 06 pessoas que tinham contra si, Mandados de Pris\u00e3o. As pris\u00f5es ocorreram em diversas cidades da regi\u00e3o, sendo Tupi Paulista,Pacaembu, Salmour\u00e3o, Adamantina, Fl\u00f3rida Paulista e [&hellip;]<\/p>\n","protected":false},"author":1,"featured_media":8376,"comment_status":"closed","ping_status":"open","sticky":false,"template":"","format":"standard","meta":{"footnotes":""},"categories":[110,2],"tags":[],"class_list":["post-8375","post","type-post","status-publish","format-standard","has-post-thumbnail","hentry","category-noticiasdestaque","category-policial"],"_links":{"self":[{"href":"https:\/\/jorgezanoni.com.br\/2019\/wp-json\/wp\/v2\/posts\/8375","targetHints":{"allow":["GET"]}}],"collection":[{"href":"https:\/\/jorgezanoni.com.br\/2019\/wp-json\/wp\/v2\/posts"}],"about":[{"href":"https:\/\/jorgezanoni.com.br\/2019\/wp-json\/wp\/v2\/types\/post"}],"author":[{"embeddable":true,"href":"https:\/\/jorgezanoni.com.br\/2019\/wp-json\/wp\/v2\/users\/1"}],"replies":[{"embeddable":true,"href":"https:\/\/jorgezanoni.com.br\/2019\/wp-json\/wp\/v2\/comments?post=8375"}],"version-history":[{"count":0,"href":"https:\/\/jorgezanoni.com.br\/2019\/wp-json\/wp\/v2\/posts\/8375\/revisions"}],"wp:featuredmedia":[{"embeddable":true,"href":"https:\/\/jorgezanoni.com.br\/2019\/wp-json\/wp\/v2\/media\/8376"}],"wp:attachment":[{"href":"https:\/\/jorgezanoni.com.br\/2019\/wp-json\/wp\/v2\/media?parent=8375"}],"wp:term":[{"taxonomy":"category","embeddable":true,"href":"https:\/\/jorgezanoni.com.br\/2019\/wp-json\/wp\/v2\/categories?post=8375"},{"taxonomy":"post_tag","embeddable":true,"href":"https:\/\/jorgezanoni.com.br\/2019\/wp-json\/wp\/v2\/tags?post=8375"}],"curies":[{"name":"wp","href":"https:\/\/api.w.org\/{rel}","templated":true}]}}