{"id":83726,"date":"2024-01-12T15:17:07","date_gmt":"2024-01-12T15:17:07","guid":{"rendered":"https:\/\/jorgezanoni.com.br\/2019\/?p=83726"},"modified":"2024-01-12T15:17:07","modified_gmt":"2024-01-12T15:17:07","slug":"em-menos-de-uma-hora-policiais-militares-prende-autor-de-roubo-em-dracena","status":"publish","type":"post","link":"https:\/\/jorgezanoni.com.br\/2019\/em-menos-de-uma-hora-policiais-militares-prende-autor-de-roubo-em-dracena\/","title":{"rendered":"Em menos de uma hora Policiais Militares prende autor de roubo em Dracena"},"content":{"rendered":"<p style=\"text-align: justify;\"><strong>RESPOSTA R\u00c1PIDA CONTRA O CRIME!<\/strong><br \/>\n<strong>EM MENOS DE UMA HORA POLICIAIS MILITARES PRENDE AUTOR DE ROUBO EM DRACENA.<\/strong><\/p>\n<p style=\"text-align: justify;\">Nesta sexta-feira dia 12 de janeiro, os policiais do 25\u00ba Batalh\u00e3o de Pol\u00edcia Militar do Interior prenderam um homem menos de uma hora, ap\u00f3s roubo a um estabelecimento comercial em Dracena.<br \/>\nA equipe foi acionada via Copom para atendimento de ocorr\u00eancia de roubo em um estabelecimento comercial de Dracena, em que autor, utilizando-se de uma faca, roubou uma quantia em dinheiro do caixa, de imediato as equipes iniciaram as dilig\u00eancias, e localizaram o autor do crime escondido em resid\u00eancia. O homem foi encaminhado ao Plant\u00e3o de Pol\u00edcia Judici\u00e1ria de Dracena, permanecendo preso \u00e0 disposi\u00e7\u00e3o da Justi\u00e7a.<\/p>\n<p>Fonte: Com. Social Pol\u00edcia Militar<\/p>\n","protected":false},"excerpt":{"rendered":"<p>RESPOSTA R\u00c1PIDA CONTRA O CRIME! EM MENOS DE UMA HORA POLICIAIS MILITARES PRENDE AUTOR DE ROUBO EM DRACENA. Nesta sexta-feira dia 12 de janeiro, os policiais do 25\u00ba Batalh\u00e3o de Pol\u00edcia Militar do Interior prenderam um homem menos de uma hora, ap\u00f3s roubo a um estabelecimento comercial em Dracena. A equipe foi acionada via Copom [&hellip;]<\/p>\n","protected":false},"author":1,"featured_media":83727,"comment_status":"closed","ping_status":"open","sticky":false,"template":"","format":"standard","meta":{"footnotes":""},"categories":[110,2],"tags":[],"class_list":["post-83726","post","type-post","status-publish","format-standard","has-post-thumbnail","hentry","category-noticiasdestaque","category-policial"],"_links":{"self":[{"href":"https:\/\/jorgezanoni.com.br\/2019\/wp-json\/wp\/v2\/posts\/83726","targetHints":{"allow":["GET"]}}],"collection":[{"href":"https:\/\/jorgezanoni.com.br\/2019\/wp-json\/wp\/v2\/posts"}],"about":[{"href":"https:\/\/jorgezanoni.com.br\/2019\/wp-json\/wp\/v2\/types\/post"}],"author":[{"embeddable":true,"href":"https:\/\/jorgezanoni.com.br\/2019\/wp-json\/wp\/v2\/users\/1"}],"replies":[{"embeddable":true,"href":"https:\/\/jorgezanoni.com.br\/2019\/wp-json\/wp\/v2\/comments?post=83726"}],"version-history":[{"count":1,"href":"https:\/\/jorgezanoni.com.br\/2019\/wp-json\/wp\/v2\/posts\/83726\/revisions"}],"predecessor-version":[{"id":83728,"href":"https:\/\/jorgezanoni.com.br\/2019\/wp-json\/wp\/v2\/posts\/83726\/revisions\/83728"}],"wp:featuredmedia":[{"embeddable":true,"href":"https:\/\/jorgezanoni.com.br\/2019\/wp-json\/wp\/v2\/media\/83727"}],"wp:attachment":[{"href":"https:\/\/jorgezanoni.com.br\/2019\/wp-json\/wp\/v2\/media?parent=83726"}],"wp:term":[{"taxonomy":"category","embeddable":true,"href":"https:\/\/jorgezanoni.com.br\/2019\/wp-json\/wp\/v2\/categories?post=83726"},{"taxonomy":"post_tag","embeddable":true,"href":"https:\/\/jorgezanoni.com.br\/2019\/wp-json\/wp\/v2\/tags?post=83726"}],"curies":[{"name":"wp","href":"https:\/\/api.w.org\/{rel}","templated":true}]}}