{"id":83701,"date":"2024-01-11T00:59:50","date_gmt":"2024-01-11T00:59:50","guid":{"rendered":"https:\/\/jorgezanoni.com.br\/2019\/?p=83701"},"modified":"2024-01-11T00:59:50","modified_gmt":"2024-01-11T00:59:50","slug":"representantes-da-dpark-zona-azul-estiveram-reunidos-com-prefeito-municipal","status":"publish","type":"post","link":"https:\/\/jorgezanoni.com.br\/2019\/representantes-da-dpark-zona-azul-estiveram-reunidos-com-prefeito-municipal\/","title":{"rendered":"Representantes da DPARK Zona Azul estiveram reunidos com Prefeito Municipal"},"content":{"rendered":"<p><strong>O encontro foi para acertar detalhes das sugest\u00f5es e reclama\u00e7\u00f5es feitas na reni\u00e3o da noite de ontem (9) na C\u00e2mara Municipal.<\/strong><\/p>\n<p style=\"text-align: justify;\">Na manh\u00e3 desta quarta-feira, (10), Viviane Miayamoto, gerente geral da ASG Engenharia, e Carlos Zago, coordenador de tecnologia, estiveram reunidos no gabinete do prefeito de Dracena, para tratar sobre os assuntos discutidos na reuni\u00e3o do Comutra.<\/p>\n<p style=\"text-align: justify;\">Na pauta, o Poder Executivo entregou os of\u00edcios \u00e0 dpark zona azul para que sejam retiradas as vagas do estacionamento rotativo dos seguintes locais: na Avenida Rui Barbosa, no trecho compreendido da Avenida Presidente Vargas e Rua Tom\u00e9 de Souza (trecho da feira-livre); do quarteir\u00e3o da Avenida Presidente Vargas, entre as Ruas Ipiranga e S\u00e3o Paulo (trecho do AME).<\/p>\n<p style=\"text-align: justify;\">No mesmo of\u00edcio, a municipalidade pede a inclus\u00e3o do estacionamento em 45\u00b0 graus nas Ruas Brasil, Monte Castelo e Princesa Isabel, entre as Avenidas Presidente Vargas e Presidente Roosevelt.<\/p>\n<p style=\"text-align: justify;\">Mediante aos pedidos, a dpark zona azul informa que j\u00e1 acataram as mudan\u00e7as e as mesmas realizadas, ou seja, os trechos solicitados para a retirada das vagas n\u00e3o est\u00e3o ocorrendo a cobran\u00e7a.<\/p>\n<p style=\"text-align: justify;\">J\u00e1 em rela\u00e7\u00e3o a inclus\u00e3o das vagas nos trechos solicitados, a dpark juntamente com o departamento de Assuntos Vi\u00e1rios, est\u00e1 estudando o pedido.<\/p>\n<p>Fonte: N\u00facleo de Comunica\u00e7\u00e3o\/dpark<\/p>\n","protected":false},"excerpt":{"rendered":"<p>O encontro foi para acertar detalhes das sugest\u00f5es e reclama\u00e7\u00f5es feitas na reni\u00e3o da noite de ontem (9) na C\u00e2mara Municipal. Na manh\u00e3 desta quarta-feira, (10), Viviane Miayamoto, gerente geral da ASG Engenharia, e Carlos Zago, coordenador de tecnologia, estiveram reunidos no gabinete do prefeito de Dracena, para tratar sobre os assuntos discutidos na reuni\u00e3o [&hellip;]<\/p>\n","protected":false},"author":1,"featured_media":83702,"comment_status":"closed","ping_status":"open","sticky":false,"template":"","format":"standard","meta":{"footnotes":""},"categories":[180,110],"tags":[],"class_list":["post-83701","post","type-post","status-publish","format-standard","has-post-thumbnail","hentry","category-estradastransitoveiculos","category-noticiasdestaque"],"_links":{"self":[{"href":"https:\/\/jorgezanoni.com.br\/2019\/wp-json\/wp\/v2\/posts\/83701","targetHints":{"allow":["GET"]}}],"collection":[{"href":"https:\/\/jorgezanoni.com.br\/2019\/wp-json\/wp\/v2\/posts"}],"about":[{"href":"https:\/\/jorgezanoni.com.br\/2019\/wp-json\/wp\/v2\/types\/post"}],"author":[{"embeddable":true,"href":"https:\/\/jorgezanoni.com.br\/2019\/wp-json\/wp\/v2\/users\/1"}],"replies":[{"embeddable":true,"href":"https:\/\/jorgezanoni.com.br\/2019\/wp-json\/wp\/v2\/comments?post=83701"}],"version-history":[{"count":1,"href":"https:\/\/jorgezanoni.com.br\/2019\/wp-json\/wp\/v2\/posts\/83701\/revisions"}],"predecessor-version":[{"id":83703,"href":"https:\/\/jorgezanoni.com.br\/2019\/wp-json\/wp\/v2\/posts\/83701\/revisions\/83703"}],"wp:featuredmedia":[{"embeddable":true,"href":"https:\/\/jorgezanoni.com.br\/2019\/wp-json\/wp\/v2\/media\/83702"}],"wp:attachment":[{"href":"https:\/\/jorgezanoni.com.br\/2019\/wp-json\/wp\/v2\/media?parent=83701"}],"wp:term":[{"taxonomy":"category","embeddable":true,"href":"https:\/\/jorgezanoni.com.br\/2019\/wp-json\/wp\/v2\/categories?post=83701"},{"taxonomy":"post_tag","embeddable":true,"href":"https:\/\/jorgezanoni.com.br\/2019\/wp-json\/wp\/v2\/tags?post=83701"}],"curies":[{"name":"wp","href":"https:\/\/api.w.org\/{rel}","templated":true}]}}