{"id":83694,"date":"2024-01-11T00:43:34","date_gmt":"2024-01-11T00:43:34","guid":{"rendered":"https:\/\/jorgezanoni.com.br\/2019\/?p=83694"},"modified":"2024-01-11T00:43:34","modified_gmt":"2024-01-11T00:43:34","slug":"dpark-zona-azul-participa-de-reuniao-extraordinaria-para-tratar-mudancas-e-melhorias-na-prestacao-de-servicos-em-dracena","status":"publish","type":"post","link":"https:\/\/jorgezanoni.com.br\/2019\/dpark-zona-azul-participa-de-reuniao-extraordinaria-para-tratar-mudancas-e-melhorias-na-prestacao-de-servicos-em-dracena\/","title":{"rendered":"DPARK zona azul participa de reuni\u00e3o extraordin\u00e1ria para tratar mudan\u00e7as e melhorias na presta\u00e7\u00e3o de servi\u00e7os em Dracena"},"content":{"rendered":"<p><strong>A reuni\u00e3o ocorreu na noite desta ter\u00e7a-feira, 9, na C\u00e2mara Municipal de Dracena.<\/strong><\/p>\n<p style=\"text-align: justify;\">A dpark zona azul atrav\u00e9s dos seus representantes Viviane Miyamoto, gerente geral da ASG Engenharia, Carlos Zago, coordenador de tecnologia e Juliana Abreu, coordenadora da unidade de Dracena, marcaram presen\u00e7a na reuni\u00e3o extraordin\u00e1ria do Conselho Municipal de Tr\u00e2nsito (Comutra), que ocorreu na noite desta ter\u00e7a-feira (9).<\/p>\n<p style=\"text-align: justify;\">O encontro foi um pedido do Comutra e teve por objetivo tratar melhorias na implementa\u00e7\u00e3o do servi\u00e7o prestado da zona azul da cidade, ap\u00f3s receber reclama\u00e7\u00f5es e reinvindica\u00e7\u00f5es dos dracenenses.<\/p>\n<p style=\"text-align: justify;\">Estiveram presentes o prefeito de Dracena Andr\u00e9 Lemos, o presidente do Comutra Douglas Fernando Codonho, o diretor de Assuntos Vi\u00e1rios, An\u00edsio Almeida, o presidente do Conselho Municipal de Seguran\u00e7a do Tr\u00e2nsito (Conseg) Milton Polon, o Capit\u00e3o Cavalari da Pol\u00edcia Militar, a gerente administrativa da Associa\u00e7\u00e3o Comercial e Empresarial (ACE), Rosana Valzeci, \u00f3rg\u00e3os de imprensa e demais autoridades.<\/p>\n<p>A audi\u00eancia foi aberta ao p\u00fablico para ouvir as demandas.<\/p>\n<p style=\"text-align: justify;\">Durante o encontro a popula\u00e7\u00e3o pode ser ouvida e as mesmas fizeram sugest\u00f5es de mudan\u00e7as quanto \u00e0s vagas destinadas para o estacionamento rotativo e formas de pagamento do ticket, al\u00e9m de tirar d\u00favidas de como funciona o servi\u00e7o prestado.<\/p>\n<p style=\"text-align: justify;\">A maioria dos presentes e que falaram sobre as sugest\u00f5es de mudan\u00e7as tiveram, por unanimidade, o pedido atendido para que as autoridades analisem as vagas de estacionamento rotativo na Avenida Presidente Vargas, pr\u00f3ximo ao Ambulat\u00f3rio M\u00e9dico Estadual (AME), e tamb\u00e9m da Avenida Rui Barbosa, onde ocorre a feira livre toda quarta-feira.<\/p>\n<p style=\"text-align: justify;\">Viviane Miyamoto e Carlos Zago, da ASG Engenharia, avaliaram como positiva a reuni\u00e3o extraordin\u00e1ria e ressaltaram que a dpark est\u00e1 \u00e0 disposi\u00e7\u00e3o do Poder Executivo e principalmente da popula\u00e7\u00e3o, para oferecer as melhores formas de presta\u00e7\u00e3o de servi\u00e7os, al\u00e9m de ouvir as reclama\u00e7\u00f5es.<\/p>\n<p style=\"text-align: justify;\">\u201cA empresa sempre est\u00e1 \u00e0 disposi\u00e7\u00e3o. Tudo o que estiver dentro do contrato e da legisla\u00e7\u00e3o vigente estaremos dispostos a atender o munic\u00edpio e a popula\u00e7\u00e3o\u201d, disse Viviane Miayamoto.\u00a0\u201cA gente aproveitou o espa\u00e7o para esclarecer e tirar d\u00favidas quanto \u00e0 operacionaliza\u00e7\u00e3o. Ainda estamos na fase de implanta\u00e7\u00e3o e h\u00e1 espa\u00e7os para fazer algumas altera\u00e7\u00f5es necess\u00e1rias, adequando da melhor forma para atender a popula\u00e7\u00e3o dracenense\u201d, disse Carlos Zago.<\/p>\n<p><img loading=\"lazy\" decoding=\"async\" class=\"alignnone size-full wp-image-83695\" src=\"https:\/\/jorgezanoni.com.br\/2019\/wp-content\/uploads\/2024\/01\/z-camara.jpg\" alt=\"\" width=\"1047\" height=\"1280\" srcset=\"https:\/\/jorgezanoni.com.br\/2019\/wp-content\/uploads\/2024\/01\/z-camara.jpg 1047w, https:\/\/jorgezanoni.com.br\/2019\/wp-content\/uploads\/2024\/01\/z-camara-245x300.jpg 245w, https:\/\/jorgezanoni.com.br\/2019\/wp-content\/uploads\/2024\/01\/z-camara-838x1024.jpg 838w, https:\/\/jorgezanoni.com.br\/2019\/wp-content\/uploads\/2024\/01\/z-camara-768x939.jpg 768w, https:\/\/jorgezanoni.com.br\/2019\/wp-content\/uploads\/2024\/01\/z-camara-696x851.jpg 696w, https:\/\/jorgezanoni.com.br\/2019\/wp-content\/uploads\/2024\/01\/z-camara-344x420.jpg 344w\" sizes=\"auto, (max-width: 1047px) 100vw, 1047px\" \/> <img loading=\"lazy\" decoding=\"async\" class=\"alignnone size-full wp-image-83696\" src=\"https:\/\/jorgezanoni.com.br\/2019\/wp-content\/uploads\/2024\/01\/z-camara1.jpg\" alt=\"\" width=\"1047\" height=\"1280\" srcset=\"https:\/\/jorgezanoni.com.br\/2019\/wp-content\/uploads\/2024\/01\/z-camara1.jpg 1047w, https:\/\/jorgezanoni.com.br\/2019\/wp-content\/uploads\/2024\/01\/z-camara1-245x300.jpg 245w, https:\/\/jorgezanoni.com.br\/2019\/wp-content\/uploads\/2024\/01\/z-camara1-838x1024.jpg 838w, https:\/\/jorgezanoni.com.br\/2019\/wp-content\/uploads\/2024\/01\/z-camara1-768x939.jpg 768w, https:\/\/jorgezanoni.com.br\/2019\/wp-content\/uploads\/2024\/01\/z-camara1-696x851.jpg 696w, https:\/\/jorgezanoni.com.br\/2019\/wp-content\/uploads\/2024\/01\/z-camara1-344x420.jpg 344w\" sizes=\"auto, (max-width: 1047px) 100vw, 1047px\" \/>\u00a0<img loading=\"lazy\" decoding=\"async\" class=\"alignnone size-full wp-image-83699\" src=\"https:\/\/jorgezanoni.com.br\/2019\/wp-content\/uploads\/2024\/01\/zz1-Pequeno.jpg\" alt=\"\" width=\"854\" height=\"394\" srcset=\"https:\/\/jorgezanoni.com.br\/2019\/wp-content\/uploads\/2024\/01\/zz1-Pequeno.jpg 854w, https:\/\/jorgezanoni.com.br\/2019\/wp-content\/uploads\/2024\/01\/zz1-Pequeno-300x138.jpg 300w, https:\/\/jorgezanoni.com.br\/2019\/wp-content\/uploads\/2024\/01\/zz1-Pequeno-768x354.jpg 768w, https:\/\/jorgezanoni.com.br\/2019\/wp-content\/uploads\/2024\/01\/zz1-Pequeno-696x321.jpg 696w\" sizes=\"auto, (max-width: 854px) 100vw, 854px\" \/><img loading=\"lazy\" decoding=\"async\" class=\"alignnone size-full wp-image-83698\" src=\"https:\/\/jorgezanoni.com.br\/2019\/wp-content\/uploads\/2024\/01\/zz-2-Pequeno.jpg\" alt=\"\" width=\"854\" height=\"394\" srcset=\"https:\/\/jorgezanoni.com.br\/2019\/wp-content\/uploads\/2024\/01\/zz-2-Pequeno.jpg 854w, https:\/\/jorgezanoni.com.br\/2019\/wp-content\/uploads\/2024\/01\/zz-2-Pequeno-300x138.jpg 300w, https:\/\/jorgezanoni.com.br\/2019\/wp-content\/uploads\/2024\/01\/zz-2-Pequeno-768x354.jpg 768w, https:\/\/jorgezanoni.com.br\/2019\/wp-content\/uploads\/2024\/01\/zz-2-Pequeno-696x321.jpg 696w\" sizes=\"auto, (max-width: 854px) 100vw, 854px\" \/>Fonte: N\u00facleo de Comunica\u00e7\u00e3o\/dpark<\/p>\n<p>Fotos: DPARK e Jorge Zanoni<\/p>\n","protected":false},"excerpt":{"rendered":"<p>A reuni\u00e3o ocorreu na noite desta ter\u00e7a-feira, 9, na C\u00e2mara Municipal de Dracena. A dpark zona azul atrav\u00e9s dos seus representantes Viviane Miyamoto, gerente geral da ASG Engenharia, Carlos Zago, coordenador de tecnologia e Juliana Abreu, coordenadora da unidade de Dracena, marcaram presen\u00e7a na reuni\u00e3o extraordin\u00e1ria do Conselho Municipal de Tr\u00e2nsito (Comutra), que ocorreu na [&hellip;]<\/p>\n","protected":false},"author":1,"featured_media":83697,"comment_status":"closed","ping_status":"open","sticky":false,"template":"","format":"standard","meta":{"footnotes":""},"categories":[180,110],"tags":[],"class_list":["post-83694","post","type-post","status-publish","format-standard","has-post-thumbnail","hentry","category-estradastransitoveiculos","category-noticiasdestaque"],"_links":{"self":[{"href":"https:\/\/jorgezanoni.com.br\/2019\/wp-json\/wp\/v2\/posts\/83694","targetHints":{"allow":["GET"]}}],"collection":[{"href":"https:\/\/jorgezanoni.com.br\/2019\/wp-json\/wp\/v2\/posts"}],"about":[{"href":"https:\/\/jorgezanoni.com.br\/2019\/wp-json\/wp\/v2\/types\/post"}],"author":[{"embeddable":true,"href":"https:\/\/jorgezanoni.com.br\/2019\/wp-json\/wp\/v2\/users\/1"}],"replies":[{"embeddable":true,"href":"https:\/\/jorgezanoni.com.br\/2019\/wp-json\/wp\/v2\/comments?post=83694"}],"version-history":[{"count":1,"href":"https:\/\/jorgezanoni.com.br\/2019\/wp-json\/wp\/v2\/posts\/83694\/revisions"}],"predecessor-version":[{"id":83700,"href":"https:\/\/jorgezanoni.com.br\/2019\/wp-json\/wp\/v2\/posts\/83694\/revisions\/83700"}],"wp:featuredmedia":[{"embeddable":true,"href":"https:\/\/jorgezanoni.com.br\/2019\/wp-json\/wp\/v2\/media\/83697"}],"wp:attachment":[{"href":"https:\/\/jorgezanoni.com.br\/2019\/wp-json\/wp\/v2\/media?parent=83694"}],"wp:term":[{"taxonomy":"category","embeddable":true,"href":"https:\/\/jorgezanoni.com.br\/2019\/wp-json\/wp\/v2\/categories?post=83694"},{"taxonomy":"post_tag","embeddable":true,"href":"https:\/\/jorgezanoni.com.br\/2019\/wp-json\/wp\/v2\/tags?post=83694"}],"curies":[{"name":"wp","href":"https:\/\/api.w.org\/{rel}","templated":true}]}}