{"id":83674,"date":"2024-01-10T12:06:37","date_gmt":"2024-01-10T12:06:37","guid":{"rendered":"https:\/\/jorgezanoni.com.br\/2019\/?p=83674"},"modified":"2024-01-10T23:14:43","modified_gmt":"2024-01-10T23:14:43","slug":"morre-o-sr-joao-antonio-ortiz-o-barzinho","status":"publish","type":"post","link":"https:\/\/jorgezanoni.com.br\/2019\/morre-o-sr-joao-antonio-ortiz-o-barzinho\/","title":{"rendered":"Morre o Sr. Jo\u00e3o Ant\u00f4nio Ortiz &#8220;O Barzinho&#8221;"},"content":{"rendered":"<p style=\"text-align: justify;\">Comunicamos com pesar o falecimento do Sr. Jo\u00e3o Ant\u00f4nio Ortiz de 95 anos, ocorrido na cidade de Ibipor\u00e3\/PR.<\/p>\n<p style=\"text-align: justify;\">Morador de Dracena desde 1.957, foi propriet\u00e1rio por 26 anos do conhecido &#8220;O Barzinho&#8221;, ao lado do extinto Cine Alvorada (Banco Ita\u00fa) atualmente.<\/p>\n<p style=\"text-align: justify;\">\u00c9 pai do comerciante Ortiz da Orti&#8217;Som.<\/p>\n<p style=\"text-align: justify;\">Deixa a esposa companheira de sempre, senhora Trindade, filhos, genro, nora, netos e uma grande legi\u00e3o de amigos.<\/p>\n<p style=\"text-align: justify;\">Fica para n\u00f3s que tivemos o privil\u00e9gio de conviver por muitos anos com o Sr. &#8220;Jo\u00e3ozinho&#8221;, a lembran\u00e7a de uma pessoa de bem, sempre serena, que tratava a todos com muito carinho, especialmente no com\u00e9rcio que por muitos anos foi o &#8216;point&#8217; da juventude dracenense, especialmente\u00a0 nas d\u00e9cadas de 1960\/70.<\/p>\n<p style=\"text-align: justify;\">Aos familiares e amigos do querido Sr. Jo\u00e3o, as homenagens e os sentimentos do SITE JZ e TOP TV neste dif\u00edcil momento.<\/p>\n<p style=\"text-align: justify;\">O Vel\u00f3rio est\u00e1 ocorrendo na Sala III do Memorial Vida Prev das 19 \u00e0s 22 H. de hoje (10), reabrindo amanh\u00e3 \u00e0s 06 H. com Sepultamento previsto para as 09 H. no Cemit\u00e9rio Municipal de Dracena<\/p>\n<p>Jorge Zanoni<\/p>\n","protected":false},"excerpt":{"rendered":"<p>Comunicamos com pesar o falecimento do Sr. Jo\u00e3o Ant\u00f4nio Ortiz de 95 anos, ocorrido na cidade de Ibipor\u00e3\/PR. Morador de Dracena desde 1.957, foi propriet\u00e1rio por 26 anos do conhecido &#8220;O Barzinho&#8221;, ao lado do extinto Cine Alvorada (Banco Ita\u00fa) atualmente. \u00c9 pai do comerciante Ortiz da Orti&#8217;Som. Deixa a esposa companheira de sempre, senhora [&hellip;]<\/p>\n","protected":false},"author":1,"featured_media":83675,"comment_status":"closed","ping_status":"open","sticky":false,"template":"","format":"standard","meta":{"footnotes":""},"categories":[178,110],"tags":[],"class_list":["post-83674","post","type-post","status-publish","format-standard","has-post-thumbnail","hentry","category-notadefalecimento","category-noticiasdestaque"],"_links":{"self":[{"href":"https:\/\/jorgezanoni.com.br\/2019\/wp-json\/wp\/v2\/posts\/83674","targetHints":{"allow":["GET"]}}],"collection":[{"href":"https:\/\/jorgezanoni.com.br\/2019\/wp-json\/wp\/v2\/posts"}],"about":[{"href":"https:\/\/jorgezanoni.com.br\/2019\/wp-json\/wp\/v2\/types\/post"}],"author":[{"embeddable":true,"href":"https:\/\/jorgezanoni.com.br\/2019\/wp-json\/wp\/v2\/users\/1"}],"replies":[{"embeddable":true,"href":"https:\/\/jorgezanoni.com.br\/2019\/wp-json\/wp\/v2\/comments?post=83674"}],"version-history":[{"count":3,"href":"https:\/\/jorgezanoni.com.br\/2019\/wp-json\/wp\/v2\/posts\/83674\/revisions"}],"predecessor-version":[{"id":83693,"href":"https:\/\/jorgezanoni.com.br\/2019\/wp-json\/wp\/v2\/posts\/83674\/revisions\/83693"}],"wp:featuredmedia":[{"embeddable":true,"href":"https:\/\/jorgezanoni.com.br\/2019\/wp-json\/wp\/v2\/media\/83675"}],"wp:attachment":[{"href":"https:\/\/jorgezanoni.com.br\/2019\/wp-json\/wp\/v2\/media?parent=83674"}],"wp:term":[{"taxonomy":"category","embeddable":true,"href":"https:\/\/jorgezanoni.com.br\/2019\/wp-json\/wp\/v2\/categories?post=83674"},{"taxonomy":"post_tag","embeddable":true,"href":"https:\/\/jorgezanoni.com.br\/2019\/wp-json\/wp\/v2\/tags?post=83674"}],"curies":[{"name":"wp","href":"https:\/\/api.w.org\/{rel}","templated":true}]}}