{"id":83655,"date":"2024-01-09T17:13:07","date_gmt":"2024-01-09T17:13:07","guid":{"rendered":"https:\/\/jorgezanoni.com.br\/2019\/?p=83655"},"modified":"2024-01-09T17:13:07","modified_gmt":"2024-01-09T17:13:07","slug":"policia-militar-prende-homem-por-trafico-de-drogas-e-procurado-da-justica-em-dracena","status":"publish","type":"post","link":"https:\/\/jorgezanoni.com.br\/2019\/policia-militar-prende-homem-por-trafico-de-drogas-e-procurado-da-justica-em-dracena\/","title":{"rendered":"Pol\u00edcia Militar prende homem por Tr\u00e1fico de Drogas e procurado da Justi\u00e7a em Dracena"},"content":{"rendered":"<p style=\"text-align: justify;\">Nesta ter\u00e7a-feira dia 09 de janeiro, os policiais da For\u00e7a T\u00e1tica do 25\u00ba Batalh\u00e3o de Pol\u00edcia Militar do Interior prenderam um homem por tr\u00e1fico de drogas e procurado pela Justi\u00e7a em Dracena<br \/>\nA equipe realizava o patrulhamento pelo munic\u00edpio de Dracena e visualizaram o autor (30 anos) trafegando com uma motocicleta e, ao tentar realizar a abordagem este empreendeu fuga, sendo alcan\u00e7ado. E realizada a abordagem, foi localizada uma por\u00e7\u00e3o de coca\u00edna, bem como uma quantia em esp\u00e9cie. Indagado, assumiu que realizava a venda de drogas. E ap\u00f3s busca na resid\u00eancia foram localizadas mais por\u00e7\u00f5es da mesma droga, bem como por\u00e7\u00f5es de maconha e dinheiro, realizada a consulta criminal, foi informado que havia um mandando de pris\u00e3o em desfavor do autor. Diante dos fatos foi dada voz de pris\u00e3o em flagrante pelo crime de tr\u00e1fico de drogas, e o procurado encaminhado ao Plant\u00e3o de Pol\u00edcia Judici\u00e1ria de Dracena, permanecendo \u00e0 disposi\u00e7\u00e3o da Justi\u00e7a.<\/p>\n<p>Fonte: Com. Social Pol\u00edcia Militar<\/p>\n","protected":false},"excerpt":{"rendered":"<p>Nesta ter\u00e7a-feira dia 09 de janeiro, os policiais da For\u00e7a T\u00e1tica do 25\u00ba Batalh\u00e3o de Pol\u00edcia Militar do Interior prenderam um homem por tr\u00e1fico de drogas e procurado pela Justi\u00e7a em Dracena A equipe realizava o patrulhamento pelo munic\u00edpio de Dracena e visualizaram o autor (30 anos) trafegando com uma motocicleta e, ao tentar realizar [&hellip;]<\/p>\n","protected":false},"author":1,"featured_media":83656,"comment_status":"closed","ping_status":"open","sticky":false,"template":"","format":"standard","meta":{"footnotes":""},"categories":[110,2],"tags":[],"class_list":["post-83655","post","type-post","status-publish","format-standard","has-post-thumbnail","hentry","category-noticiasdestaque","category-policial"],"_links":{"self":[{"href":"https:\/\/jorgezanoni.com.br\/2019\/wp-json\/wp\/v2\/posts\/83655","targetHints":{"allow":["GET"]}}],"collection":[{"href":"https:\/\/jorgezanoni.com.br\/2019\/wp-json\/wp\/v2\/posts"}],"about":[{"href":"https:\/\/jorgezanoni.com.br\/2019\/wp-json\/wp\/v2\/types\/post"}],"author":[{"embeddable":true,"href":"https:\/\/jorgezanoni.com.br\/2019\/wp-json\/wp\/v2\/users\/1"}],"replies":[{"embeddable":true,"href":"https:\/\/jorgezanoni.com.br\/2019\/wp-json\/wp\/v2\/comments?post=83655"}],"version-history":[{"count":1,"href":"https:\/\/jorgezanoni.com.br\/2019\/wp-json\/wp\/v2\/posts\/83655\/revisions"}],"predecessor-version":[{"id":83657,"href":"https:\/\/jorgezanoni.com.br\/2019\/wp-json\/wp\/v2\/posts\/83655\/revisions\/83657"}],"wp:featuredmedia":[{"embeddable":true,"href":"https:\/\/jorgezanoni.com.br\/2019\/wp-json\/wp\/v2\/media\/83656"}],"wp:attachment":[{"href":"https:\/\/jorgezanoni.com.br\/2019\/wp-json\/wp\/v2\/media?parent=83655"}],"wp:term":[{"taxonomy":"category","embeddable":true,"href":"https:\/\/jorgezanoni.com.br\/2019\/wp-json\/wp\/v2\/categories?post=83655"},{"taxonomy":"post_tag","embeddable":true,"href":"https:\/\/jorgezanoni.com.br\/2019\/wp-json\/wp\/v2\/tags?post=83655"}],"curies":[{"name":"wp","href":"https:\/\/api.w.org\/{rel}","templated":true}]}}