{"id":83652,"date":"2024-01-09T17:06:22","date_gmt":"2024-01-09T17:06:22","guid":{"rendered":"https:\/\/jorgezanoni.com.br\/2019\/?p=83652"},"modified":"2024-01-09T17:06:22","modified_gmt":"2024-01-09T17:06:22","slug":"policia-militar-prende-homem-por-trafico-de-drogas-em-dracena-12","status":"publish","type":"post","link":"https:\/\/jorgezanoni.com.br\/2019\/policia-militar-prende-homem-por-trafico-de-drogas-em-dracena-12\/","title":{"rendered":"Pol\u00edcia Militar prende homem por Tr\u00e1fico de Drogas em Dracena"},"content":{"rendered":"<p style=\"text-align: justify;\">Nesta ter\u00e7a-feira dia 08 de janeiro, os policiais da For\u00e7a T\u00e1tica do 25\u00ba Batalh\u00e3o de Pol\u00edcia Militar do Interior prenderam um homem por tr\u00e1fico de drogas em Dracena.<br \/>\nA equipe realizava o patrulhamento pelo munic\u00edpio de Dracena, e foram informados que estaria ocorrendo a venda de drogas. De imediato a equipe deslocou para ao local, e foi poss\u00edvel visualizar o indiv\u00edduo que ao notar a presen\u00e7a da viatura tentou dispersar algo, por\u00e9m sem \u00eaxito, foi realizado a abordagem e durante a busca pessoal foi localizado em suas vestes por\u00e7\u00f5es de crack e dinheiro, questionado sobre os entorpecentes confessou que estava vendendo as drogas, e que tentou esconder em suas vestes, sendo proferida voz de pris\u00e3o. Diante dos fatos, as partes foram encaminhadas ao Plant\u00e3o de Pol\u00edcia Judici\u00e1ria de Dracena, permanecendo \u00e0 disposi\u00e7\u00e3o da Justi\u00e7a.<\/p>\n<p>Fonte: Com. Social Pol\u00edcia Militar<\/p>\n","protected":false},"excerpt":{"rendered":"<p>Nesta ter\u00e7a-feira dia 08 de janeiro, os policiais da For\u00e7a T\u00e1tica do 25\u00ba Batalh\u00e3o de Pol\u00edcia Militar do Interior prenderam um homem por tr\u00e1fico de drogas em Dracena. A equipe realizava o patrulhamento pelo munic\u00edpio de Dracena, e foram informados que estaria ocorrendo a venda de drogas. De imediato a equipe deslocou para ao local, [&hellip;]<\/p>\n","protected":false},"author":1,"featured_media":83653,"comment_status":"closed","ping_status":"open","sticky":false,"template":"","format":"standard","meta":{"footnotes":""},"categories":[110,2],"tags":[],"class_list":["post-83652","post","type-post","status-publish","format-standard","has-post-thumbnail","hentry","category-noticiasdestaque","category-policial"],"_links":{"self":[{"href":"https:\/\/jorgezanoni.com.br\/2019\/wp-json\/wp\/v2\/posts\/83652","targetHints":{"allow":["GET"]}}],"collection":[{"href":"https:\/\/jorgezanoni.com.br\/2019\/wp-json\/wp\/v2\/posts"}],"about":[{"href":"https:\/\/jorgezanoni.com.br\/2019\/wp-json\/wp\/v2\/types\/post"}],"author":[{"embeddable":true,"href":"https:\/\/jorgezanoni.com.br\/2019\/wp-json\/wp\/v2\/users\/1"}],"replies":[{"embeddable":true,"href":"https:\/\/jorgezanoni.com.br\/2019\/wp-json\/wp\/v2\/comments?post=83652"}],"version-history":[{"count":1,"href":"https:\/\/jorgezanoni.com.br\/2019\/wp-json\/wp\/v2\/posts\/83652\/revisions"}],"predecessor-version":[{"id":83654,"href":"https:\/\/jorgezanoni.com.br\/2019\/wp-json\/wp\/v2\/posts\/83652\/revisions\/83654"}],"wp:featuredmedia":[{"embeddable":true,"href":"https:\/\/jorgezanoni.com.br\/2019\/wp-json\/wp\/v2\/media\/83653"}],"wp:attachment":[{"href":"https:\/\/jorgezanoni.com.br\/2019\/wp-json\/wp\/v2\/media?parent=83652"}],"wp:term":[{"taxonomy":"category","embeddable":true,"href":"https:\/\/jorgezanoni.com.br\/2019\/wp-json\/wp\/v2\/categories?post=83652"},{"taxonomy":"post_tag","embeddable":true,"href":"https:\/\/jorgezanoni.com.br\/2019\/wp-json\/wp\/v2\/tags?post=83652"}],"curies":[{"name":"wp","href":"https:\/\/api.w.org\/{rel}","templated":true}]}}