{"id":83586,"date":"2024-01-06T18:42:45","date_gmt":"2024-01-06T18:42:45","guid":{"rendered":"https:\/\/jorgezanoni.com.br\/2019\/?p=83586"},"modified":"2024-01-06T18:42:45","modified_gmt":"2024-01-06T18:42:45","slug":"hoje-comemora-se-o-dia-de-reis","status":"publish","type":"post","link":"https:\/\/jorgezanoni.com.br\/2019\/hoje-comemora-se-o-dia-de-reis\/","title":{"rendered":"Hoje comemora-se o &#8220;Dia de Reis&#8221;"},"content":{"rendered":"<p style=\"text-align: justify;\">O\u00a0<b>Dia de Reis<\/b>, segundo a tradi\u00e7\u00e3o\u00a0<a title=\"Cristianismo\" href=\"https:\/\/pt.wikipedia.org\/wiki\/Cristianismo\">crist\u00e3<\/a>, seria aquele em que\u00a0<a class=\"mw-redirect\" title=\"Jesus Cristo\" href=\"https:\/\/pt.wikipedia.org\/wiki\/Jesus_Cristo\">Jesus Cristo<\/a>\u00a0rec\u00e9m-nascido recebera a visita de &#8220;<i>alguns magos do oriente<\/i>&#8221; (<a class=\"extiw\" title=\"s:Tradu\u00e7\u00e3o Brasileira da B\u00edblia\/Mateus\/II\" href=\"https:\/\/pt.wikisource.org\/wiki\/Tradu%C3%A7%C3%A3o_Brasileira_da_B%C3%ADblia\/Mateus\/II#2:1\">Mateus 2:1<\/a>) que, segundo o\u00a0<a title=\"Hagiol\u00f3gio\" href=\"https:\/\/pt.wikipedia.org\/wiki\/Hagiol%C3%B3gio\">hagiol\u00f3gio<\/a>, foram tr\u00eas\u00a0<a class=\"mw-redirect\" title=\"Reis Magos\" href=\"https:\/\/pt.wikipedia.org\/wiki\/Reis_Magos\">Reis Magos<\/a>, e que ocorrera no dia\u00a0<a title=\"6 de janeiro\" href=\"https:\/\/pt.wikipedia.org\/wiki\/6_de_janeiro\">6 de janeiro<\/a>. A noite do dia\u00a0<a title=\"5 de janeiro\" href=\"https:\/\/pt.wikipedia.org\/wiki\/5_de_janeiro\">5 de janeiro<\/a>\u00a0e madrugada do dia 6 \u00e9 conhecida como &#8220;Noite de Reis&#8221;.<\/p>\n<h2 style=\"text-align: justify;\"><span id=\"Hist.C3.B3rico\"><\/span><span id=\"Hist\u00f3rico\" class=\"mw-headline\">Hist\u00f3rico<\/span><\/h2>\n<p style=\"text-align: justify;\">A data marca, para os\u00a0<a class=\"mw-redirect\" title=\"Catolicismo\" href=\"https:\/\/pt.wikipedia.org\/wiki\/Catolicismo\">cat\u00f3licos<\/a>, o dia para a\u00a0<a title=\"Dulia\" href=\"https:\/\/pt.wikipedia.org\/wiki\/Dulia\">venera\u00e7\u00e3o<\/a>\u00a0aos\u00a0<a class=\"mw-redirect\" title=\"Reis Magos\" href=\"https:\/\/pt.wikipedia.org\/wiki\/Reis_Magos\">Reis Magos<\/a>, que a tradi\u00e7\u00e3o surgida no\u00a0<a title=\"S\u00e9culo VIII\" href=\"https:\/\/pt.wikipedia.org\/wiki\/S%C3%A9culo_VIII\">s\u00e9culo VIII<\/a>\u00a0converteu nos santos\u00a0<a class=\"mw-redirect\" title=\"Belchior (rei mago)\" href=\"https:\/\/pt.wikipedia.org\/wiki\/Belchior_(rei_mago)\">Melchior<\/a>,\u00a0<a class=\"mw-redirect\" title=\"Gaspar (rei mago)\" href=\"https:\/\/pt.wikipedia.org\/wiki\/Gaspar_(rei_mago)\">Gaspar<\/a>\u00a0e\u00a0<a class=\"mw-redirect\" title=\"Baltazar (rei mago)\" href=\"https:\/\/pt.wikipedia.org\/wiki\/Baltazar_(rei_mago)\">Baltazar<\/a>. Nesta data, ainda, encerram-se para os cat\u00f3licos os festejos natal\u00edcios &#8211; sendo o dia em que s\u00e3o desarmados os\u00a0<a title=\"Pres\u00e9pio\" href=\"https:\/\/pt.wikipedia.org\/wiki\/Pres%C3%A9pio\">pres\u00e9pios<\/a>\u00a0e por conseguinte s\u00e3o retirados todos os enfeites natal\u00edcios.<\/p>\n<h2 style=\"text-align: justify;\"><span id=\"Tradi.C3.A7.C3.B5es\"><\/span><span id=\"Tradi\u00e7\u00f5es\" class=\"mw-headline\">Tradi\u00e7\u00f5es<\/span><\/h2>\n<figure class=\"mw-halign-left\" style=\"text-align: justify;\"><a class=\"mw-file-description\" href=\"https:\/\/pt.wikipedia.org\/wiki\/Ficheiro:Reisado_cearense_-_6463_003.jpg\"><img loading=\"lazy\" decoding=\"async\" class=\"mw-file-element\" src=\"https:\/\/upload.wikimedia.org\/wikipedia\/commons\/thumb\/3\/38\/Reisado_cearense_-_6463_003.jpg\/237px-Reisado_cearense_-_6463_003.jpg\" srcset=\"\/\/upload.wikimedia.org\/wikipedia\/commons\/thumb\/3\/38\/Reisado_cearense_-_6463_003.jpg\/356px-Reisado_cearense_-_6463_003.jpg 1.5x, \/\/upload.wikimedia.org\/wikipedia\/commons\/thumb\/3\/38\/Reisado_cearense_-_6463_003.jpg\/474px-Reisado_cearense_-_6463_003.jpg 2x\" width=\"237\" height=\"161\" data-file-width=\"5294\" data-file-height=\"3595\" \/><\/a><figcaption>Celebra\u00e7\u00e3o do Dia de Reis no\u00a0<a class=\"mw-redirect\" title=\"Cariri Cearense\" href=\"https:\/\/pt.wikipedia.org\/wiki\/Cariri_Cearense\">Cariri cearense<\/a>.<\/figcaption><\/figure>\n<p style=\"text-align: justify;\">Em\u00a0<a title=\"Portugal\" href=\"https:\/\/pt.wikipedia.org\/wiki\/Portugal\">Portugal<\/a>\u00a0e na\u00a0<a title=\"Galiza\" href=\"https:\/\/pt.wikipedia.org\/wiki\/Galiza\">Galiza<\/a>, o\u00a0<a title=\"Bolo-rei\" href=\"https:\/\/pt.wikipedia.org\/wiki\/Bolo-rei\">bolo-rei<\/a>\u00a0ou\u00a0<i>bolo de Reis<\/i>\u00a0possui grande tradi\u00e7\u00e3o e \u00e9 confeccionado com um brinde e uma\u00a0<a title=\"Fava\" href=\"https:\/\/pt.wikipedia.org\/wiki\/Fava\">fava<\/a>. A pessoa que encontra a fava deve trazer o\u00a0<i>bolo de Reis<\/i>\u00a0no ano seguinte. Por todo o pa\u00eds, as pessoas costumam \u00abcantar as janeiras\u00bb, \u00abcantar os Reis\u00bb ou as \u00abreisadas\u00bb, de porta em porta. S\u00e3o convidadas a entrar para o interior das casas, sendo-lhes oferecidas pequenas refei\u00e7\u00f5es como doces, salgados, charcutarias, vinhos, etc. Neste dia eram tamb\u00e9m muito comuns os\u00a0<a title=\"Auto dos Reis Magos\" href=\"https:\/\/pt.wikipedia.org\/wiki\/Auto_dos_Reis_Magos\">autos dos Reis Magos<\/a>, pe\u00e7as de teatro popular.<\/p>\n<p style=\"text-align: justify;\">No\u00a0<a title=\"Brasil\" href=\"https:\/\/pt.wikipedia.org\/wiki\/Brasil\">Brasil<\/a>, geminado culturalmente com Portugal, esta tradi\u00e7\u00e3o tem muito do que se faz no velho pa\u00eds. A festa \u00e9 comemorada com doces e comidas t\u00edpicas das regi\u00f5es e at\u00e9 o ano de 1967, era um feriado nacional por ser considerado\u00a0<a class=\"mw-redirect\" title=\"Dia santo\" href=\"https:\/\/pt.wikipedia.org\/wiki\/Dia_santo\">dia santo<\/a>. Sob uma nova legisla\u00e7\u00e3o sobre o tema, o Dia de Reis e outras comemora\u00e7\u00f5es cat\u00f3licas deixaram de existir no calend\u00e1rio de feriados oficiais.<sup id=\"cite_ref-1\" class=\"reference\"><a href=\"https:\/\/pt.wikipedia.org\/wiki\/Dia_de_Reis#cite_note-1\">[1]<\/a><\/sup>\u00a0H\u00e1 ainda festivais com as\u00a0<i>Companhias de Reis<\/i>\u00a0(grupo de m\u00fasicos e dan\u00e7arinos) que cantam m\u00fasicas referentes ao evento, as conhecidas festas da\u00a0<a title=\"Folia de Reis\" href=\"https:\/\/pt.wikipedia.org\/wiki\/Folia_de_Reis\">Folia de Reis<\/a>.<\/p>\n<figure style=\"text-align: justify;\"><a class=\"mw-file-description\" href=\"https:\/\/pt.wikipedia.org\/wiki\/Ficheiro:Galette_des_Rois.png\"><img loading=\"lazy\" decoding=\"async\" class=\"mw-file-element\" src=\"https:\/\/upload.wikimedia.org\/wikipedia\/commons\/thumb\/f\/fa\/Galette_des_Rois.png\/199px-Galette_des_Rois.png\" srcset=\"\/\/upload.wikimedia.org\/wikipedia\/commons\/thumb\/f\/fa\/Galette_des_Rois.png\/299px-Galette_des_Rois.png 1.5x, \/\/upload.wikimedia.org\/wikipedia\/commons\/thumb\/f\/fa\/Galette_des_Rois.png\/398px-Galette_des_Rois.png 2x\" width=\"199\" height=\"147\" data-file-width=\"1035\" data-file-height=\"766\" \/><\/a><figcaption><i>Galette des Rois.<\/i><\/figcaption><\/figure>\n<p style=\"text-align: justify;\">Em alguns pa\u00edses, como\u00a0<a title=\"Espanha\" href=\"https:\/\/pt.wikipedia.org\/wiki\/Espanha\">Espanha<\/a>, \u00e9 estimulada entre as\u00a0<a title=\"Crian\u00e7a\" href=\"https:\/\/pt.wikipedia.org\/wiki\/Crian%C3%A7a\">crian\u00e7as<\/a>\u00a0a\u00a0<a title=\"Tradi\u00e7\u00e3o\" href=\"https:\/\/pt.wikipedia.org\/wiki\/Tradi%C3%A7%C3%A3o\">tradi\u00e7\u00e3o<\/a>\u00a0de se deixar\u00a0<a title=\"Sapato\" href=\"https:\/\/pt.wikipedia.org\/wiki\/Sapato\">sapatos<\/a>\u00a0na\u00a0<a title=\"Janela\" href=\"https:\/\/pt.wikipedia.org\/wiki\/Janela\">janela<\/a>\u00a0com\u00a0<a class=\"mw-redirect\" title=\"Capim\" href=\"https:\/\/pt.wikipedia.org\/wiki\/Capim\">capim<\/a>\u00a0antes de dormir para que os\u00a0<a title=\"Camelo\" href=\"https:\/\/pt.wikipedia.org\/wiki\/Camelo\">camelos<\/a>\u00a0dos Reis Magos possam se alimentar e retomar viagem. Em troca, os Reis magos deixariam\u00a0<a class=\"mw-disambig\" title=\"Doce\" href=\"https:\/\/pt.wikipedia.org\/wiki\/Doce\">doces<\/a>\u00a0que as crian\u00e7as encontram no lugar do capim ap\u00f3s acordar. A tradi\u00e7\u00e3o tamb\u00e9m consiste em comer o\u00a0<i>Bolo de Reis<\/i>.<\/p>\n<p style=\"text-align: justify;\">Na\u00a0<a title=\"Fran\u00e7a\" href=\"https:\/\/pt.wikipedia.org\/wiki\/Fran%C3%A7a\">Fran\u00e7a<\/a>\u00a0e em\u00a0<a title=\"Quebec\" href=\"https:\/\/pt.wikipedia.org\/wiki\/Quebec\">Quebec<\/a>\u00a0(no\u00a0<a title=\"Canad\u00e1\" href=\"https:\/\/pt.wikipedia.org\/wiki\/Canad%C3%A1\">Canad\u00e1<\/a>), come-se o\u00a0<i>Galette des Rois<\/i>\u00a0(<i>Bolo de Reis<\/i>), que cont\u00e9m um brinde no seu interior. O bolo vem acompanhado de uma coroa de papel e quem encontrar o brinde na sua fatia, ser\u00e1 coroado e ter\u00e1 de oferecer o bolo no ano seguinte.<\/p>\n<p>Fonte: https:\/\/pt.wikipedia.org\/wiki\/Dia_de_Reis<\/p>\n","protected":false},"excerpt":{"rendered":"<p>O\u00a0Dia de Reis, segundo a tradi\u00e7\u00e3o\u00a0crist\u00e3, seria aquele em que\u00a0Jesus Cristo\u00a0rec\u00e9m-nascido recebera a visita de &#8220;alguns magos do oriente&#8221; (Mateus 2:1) que, segundo o\u00a0hagiol\u00f3gio, foram tr\u00eas\u00a0Reis Magos, e que ocorrera no dia\u00a06 de janeiro. A noite do dia\u00a05 de janeiro\u00a0e madrugada do dia 6 \u00e9 conhecida como &#8220;Noite de Reis&#8221;. Hist\u00f3rico A data marca, para [&hellip;]<\/p>\n","protected":false},"author":1,"featured_media":83587,"comment_status":"closed","ping_status":"open","sticky":false,"template":"","format":"standard","meta":{"footnotes":""},"categories":[110,118],"tags":[],"class_list":["post-83586","post","type-post","status-publish","format-standard","has-post-thumbnail","hentry","category-noticiasdestaque","category-religiaoesolidariedade"],"_links":{"self":[{"href":"https:\/\/jorgezanoni.com.br\/2019\/wp-json\/wp\/v2\/posts\/83586","targetHints":{"allow":["GET"]}}],"collection":[{"href":"https:\/\/jorgezanoni.com.br\/2019\/wp-json\/wp\/v2\/posts"}],"about":[{"href":"https:\/\/jorgezanoni.com.br\/2019\/wp-json\/wp\/v2\/types\/post"}],"author":[{"embeddable":true,"href":"https:\/\/jorgezanoni.com.br\/2019\/wp-json\/wp\/v2\/users\/1"}],"replies":[{"embeddable":true,"href":"https:\/\/jorgezanoni.com.br\/2019\/wp-json\/wp\/v2\/comments?post=83586"}],"version-history":[{"count":1,"href":"https:\/\/jorgezanoni.com.br\/2019\/wp-json\/wp\/v2\/posts\/83586\/revisions"}],"predecessor-version":[{"id":83588,"href":"https:\/\/jorgezanoni.com.br\/2019\/wp-json\/wp\/v2\/posts\/83586\/revisions\/83588"}],"wp:featuredmedia":[{"embeddable":true,"href":"https:\/\/jorgezanoni.com.br\/2019\/wp-json\/wp\/v2\/media\/83587"}],"wp:attachment":[{"href":"https:\/\/jorgezanoni.com.br\/2019\/wp-json\/wp\/v2\/media?parent=83586"}],"wp:term":[{"taxonomy":"category","embeddable":true,"href":"https:\/\/jorgezanoni.com.br\/2019\/wp-json\/wp\/v2\/categories?post=83586"},{"taxonomy":"post_tag","embeddable":true,"href":"https:\/\/jorgezanoni.com.br\/2019\/wp-json\/wp\/v2\/tags?post=83586"}],"curies":[{"name":"wp","href":"https:\/\/api.w.org\/{rel}","templated":true}]}}