{"id":83572,"date":"2024-01-05T02:47:16","date_gmt":"2024-01-05T02:47:16","guid":{"rendered":"https:\/\/jorgezanoni.com.br\/2019\/?p=83572"},"modified":"2024-01-05T02:47:16","modified_gmt":"2024-01-05T02:47:16","slug":"epilepsia-o-que-e-sintomas-causas-e-tratamento-por-cidinha-pascoaloto","status":"publish","type":"post","link":"https:\/\/jorgezanoni.com.br\/2019\/epilepsia-o-que-e-sintomas-causas-e-tratamento-por-cidinha-pascoaloto\/","title":{"rendered":"Epilepsia: o que \u00e9, sintomas, causas e tratamento  (por Cidinha Pascoaloto)"},"content":{"rendered":"<p style=\"text-align: justify;\">A epilepsia \u00e9 uma altera\u00e7\u00e3o na atividade anormal do c\u00e9rebro que quando acontece deixa as atividades do sistema nervoso central desordenadas. Essas altera\u00e7\u00f5es causam sintomas como\u00a0convuls\u00f5es, movimentos descontrolados do corpo, altera\u00e7\u00e3o das sensa\u00e7\u00f5es e\u00a0perda de consci\u00eancia tempor\u00e1ria.<\/p>\n<p style=\"text-align: justify;\">\u00a0A epilepsia \u00e9 uma doen\u00e7a neurol\u00f3gica e cr\u00f4nica que pode afetar pessoas de v\u00e1rias idades de crian\u00e7as at\u00e9 idosos. Os principais sintomas da convuls\u00e3o podem incluir confus\u00e3o tempor\u00e1ria, olhar fixo, m\u00fasculos contra\u00eddos, movimentos incontrol\u00e1veis dos bra\u00e7os e das pernas, perda de consci\u00eancia, medos e ansiedade.<\/p>\n<p style=\"text-align: justify;\">As crises convulsivas duram em m\u00e9dia de 30 segundos a 5 minutos. Em alguns casos podem durar por at\u00e9 meia hora. Nesse caso pode ocorrer dano cerebral.\u00a0Os sintomas da crise epil\u00e9ptica variam de acordo com o tipo de convuls\u00e3o e na maioria dos casos uma pessoa com epilepsia tende a ter o mesmo tipo de convuls\u00e3o todas as vezes. Existem v\u00e1rios tipos de epilepsia.<\/p>\n<p style=\"text-align: justify;\">Elas acontecem de acordo com a \u00e1rea do c\u00e9rebro que tem os impulsos el\u00e9tricos alterados e desencadeiam a convuls\u00e3o. A epilepsia pode ser causada por fatores gen\u00e9ticos: pessoas que tem casos de epilepsia na fam\u00edlia tem maior risco de desenvolver epilepsia.<\/p>\n<p style=\"text-align: justify;\">O traumatismo craneano, doen\u00e7as cerebrais, baixo n\u00edvel de a\u00e7\u00facar no sangue, doen\u00e7as infecciosas, les\u00e3o pr\u00e9-natal e febre muito alta principalmente em crian\u00e7as podem desencadear crises de epilepsia. Geralmente, a primeira crise convulsiva ocorre entre os 2 e os 14 anos de idade.<\/p>\n<p style=\"text-align: justify;\">\u00a0A epilepsia deve ser tratada por um neurologista e acompanhada por terapia comportamental para controle da depress\u00e3o, estresse e ansiedade.<\/p>\n<p style=\"text-align: justify;\"><img loading=\"lazy\" decoding=\"async\" class=\"alignnone size-full wp-image-83573\" src=\"https:\/\/jorgezanoni.com.br\/2019\/wp-content\/uploads\/2024\/01\/Cidinha-Pascoaloto.jpg\" alt=\"\" width=\"500\" height=\"755\" srcset=\"https:\/\/jorgezanoni.com.br\/2019\/wp-content\/uploads\/2024\/01\/Cidinha-Pascoaloto.jpg 500w, https:\/\/jorgezanoni.com.br\/2019\/wp-content\/uploads\/2024\/01\/Cidinha-Pascoaloto-199x300.jpg 199w, https:\/\/jorgezanoni.com.br\/2019\/wp-content\/uploads\/2024\/01\/Cidinha-Pascoaloto-278x420.jpg 278w\" sizes=\"auto, (max-width: 500px) 100vw, 500px\" \/>Cidinha Pascoaloto-Psic\u00f3loga, com foco no luto CRP 06\/158174. Presencial e online, contato: (18) 99725-6418<\/p>\n<p>&nbsp;<\/p>\n<p>&nbsp;<\/p>\n<p>&nbsp;<\/p>\n<p>&nbsp;<\/p>\n","protected":false},"excerpt":{"rendered":"<p>A epilepsia \u00e9 uma altera\u00e7\u00e3o na atividade anormal do c\u00e9rebro que quando acontece deixa as atividades do sistema nervoso central desordenadas. Essas altera\u00e7\u00f5es causam sintomas como\u00a0convuls\u00f5es, movimentos descontrolados do corpo, altera\u00e7\u00e3o das sensa\u00e7\u00f5es e\u00a0perda de consci\u00eancia tempor\u00e1ria. \u00a0A epilepsia \u00e9 uma doen\u00e7a neurol\u00f3gica e cr\u00f4nica que pode afetar pessoas de v\u00e1rias idades de crian\u00e7as at\u00e9 [&hellip;]<\/p>\n","protected":false},"author":1,"featured_media":83574,"comment_status":"closed","ping_status":"open","sticky":false,"template":"","format":"standard","meta":{"footnotes":""},"categories":[175],"tags":[],"class_list":["post-83572","post","type-post","status-publish","format-standard","has-post-thumbnail","hentry","category-artigos"],"_links":{"self":[{"href":"https:\/\/jorgezanoni.com.br\/2019\/wp-json\/wp\/v2\/posts\/83572","targetHints":{"allow":["GET"]}}],"collection":[{"href":"https:\/\/jorgezanoni.com.br\/2019\/wp-json\/wp\/v2\/posts"}],"about":[{"href":"https:\/\/jorgezanoni.com.br\/2019\/wp-json\/wp\/v2\/types\/post"}],"author":[{"embeddable":true,"href":"https:\/\/jorgezanoni.com.br\/2019\/wp-json\/wp\/v2\/users\/1"}],"replies":[{"embeddable":true,"href":"https:\/\/jorgezanoni.com.br\/2019\/wp-json\/wp\/v2\/comments?post=83572"}],"version-history":[{"count":1,"href":"https:\/\/jorgezanoni.com.br\/2019\/wp-json\/wp\/v2\/posts\/83572\/revisions"}],"predecessor-version":[{"id":83575,"href":"https:\/\/jorgezanoni.com.br\/2019\/wp-json\/wp\/v2\/posts\/83572\/revisions\/83575"}],"wp:featuredmedia":[{"embeddable":true,"href":"https:\/\/jorgezanoni.com.br\/2019\/wp-json\/wp\/v2\/media\/83574"}],"wp:attachment":[{"href":"https:\/\/jorgezanoni.com.br\/2019\/wp-json\/wp\/v2\/media?parent=83572"}],"wp:term":[{"taxonomy":"category","embeddable":true,"href":"https:\/\/jorgezanoni.com.br\/2019\/wp-json\/wp\/v2\/categories?post=83572"},{"taxonomy":"post_tag","embeddable":true,"href":"https:\/\/jorgezanoni.com.br\/2019\/wp-json\/wp\/v2\/tags?post=83572"}],"curies":[{"name":"wp","href":"https:\/\/api.w.org\/{rel}","templated":true}]}}