{"id":83548,"date":"2024-01-04T22:37:32","date_gmt":"2024-01-04T22:37:32","guid":{"rendered":"https:\/\/jorgezanoni.com.br\/2019\/?p=83548"},"modified":"2024-01-04T22:37:32","modified_gmt":"2024-01-04T22:37:32","slug":"morador-de-dracena-e-vitima-fatal-em-acidente-na-ms-306-municipio-de-cassilandia","status":"publish","type":"post","link":"https:\/\/jorgezanoni.com.br\/2019\/morador-de-dracena-e-vitima-fatal-em-acidente-na-ms-306-municipio-de-cassilandia\/","title":{"rendered":"Morador de Dracena \u00e9 v\u00edtima fatal em acidente na MS-306 munic\u00edpio de Cassil\u00e2ndia"},"content":{"rendered":"<p style=\"text-align: justify;\"><strong>No inicio desta manh\u00e3 o motorista da cidade de Dracena S\u00e3o Paulo, Sr. Ant\u00f4nio Grequi de 64 anos, faleceu na rodovia MS 306, na curva do galheiro no munic\u00edpio de Cassil\u00e2ndia\/MS.<\/strong><\/p>\n<p style=\"text-align: justify;\">Segundo informa\u00e7\u00f5es conseguidas junto a Policia Militar Rodovi\u00e1ria, o motorista perdeu o controle do caminh\u00e3o em uma curva e caiu no barranco cerca de 10 metros de altura e o caminh\u00e3o tombou sobre a cabine, matando o condutor na hora.<\/p>\n<p><img loading=\"lazy\" decoding=\"async\" class=\"alignnone size-full wp-image-83549\" src=\"https:\/\/jorgezanoni.com.br\/2019\/wp-content\/uploads\/2024\/01\/motorista-dracena.webp\" alt=\"\" width=\"703\" height=\"430\" srcset=\"https:\/\/jorgezanoni.com.br\/2019\/wp-content\/uploads\/2024\/01\/motorista-dracena.webp 703w, https:\/\/jorgezanoni.com.br\/2019\/wp-content\/uploads\/2024\/01\/motorista-dracena-300x183.webp 300w, https:\/\/jorgezanoni.com.br\/2019\/wp-content\/uploads\/2024\/01\/motorista-dracena-696x426.webp 696w, https:\/\/jorgezanoni.com.br\/2019\/wp-content\/uploads\/2024\/01\/motorista-dracena-687x420.webp 687w\" sizes=\"auto, (max-width: 703px) 100vw, 703px\" \/>Foto de Internauta<\/p>\n<p style=\"text-align: justify;\">Fonte: <em>O Correio News \/ Adejair de Morais<\/em><\/p>\n<p style=\"text-align: justify;\">Sr. Ant\u00f4nio \u00e9 pai do empres\u00e1rio Danilo Germano da Casa dos Vidros em Dracena.<\/p>\n<p style=\"text-align: justify;\">O SITE JZ e TOP TV se solidarizam com os familiares e amigos neste dif\u00edcil momento.<\/p>\n<p>Jorge Zanoni<\/p>\n<div class=\"xdj266r x11i5rnm xat24cr x1mh8g0r x1vvkbs x126k92a\">\n<div dir=\"auto\"><\/div>\n<\/div>\n<div class=\"x11i5rnm xat24cr x1mh8g0r x1vvkbs xtlvy1s x126k92a\"><\/div>\n<div class=\"x11i5rnm xat24cr x1mh8g0r x1vvkbs xtlvy1s x126k92a\">\n<div dir=\"auto\"><\/div>\n<\/div>\n","protected":false},"excerpt":{"rendered":"<p>No inicio desta manh\u00e3 o motorista da cidade de Dracena S\u00e3o Paulo, Sr. Ant\u00f4nio Grequi de 64 anos, faleceu na rodovia MS 306, na curva do galheiro no munic\u00edpio de Cassil\u00e2ndia\/MS. Segundo informa\u00e7\u00f5es conseguidas junto a Policia Militar Rodovi\u00e1ria, o motorista perdeu o controle do caminh\u00e3o em uma curva e caiu no barranco cerca de [&hellip;]<\/p>\n","protected":false},"author":1,"featured_media":83550,"comment_status":"closed","ping_status":"open","sticky":false,"template":"","format":"standard","meta":{"footnotes":""},"categories":[170,110],"tags":[],"class_list":["post-83548","post","type-post","status-publish","format-standard","has-post-thumbnail","hentry","category-acidentes","category-noticiasdestaque"],"_links":{"self":[{"href":"https:\/\/jorgezanoni.com.br\/2019\/wp-json\/wp\/v2\/posts\/83548","targetHints":{"allow":["GET"]}}],"collection":[{"href":"https:\/\/jorgezanoni.com.br\/2019\/wp-json\/wp\/v2\/posts"}],"about":[{"href":"https:\/\/jorgezanoni.com.br\/2019\/wp-json\/wp\/v2\/types\/post"}],"author":[{"embeddable":true,"href":"https:\/\/jorgezanoni.com.br\/2019\/wp-json\/wp\/v2\/users\/1"}],"replies":[{"embeddable":true,"href":"https:\/\/jorgezanoni.com.br\/2019\/wp-json\/wp\/v2\/comments?post=83548"}],"version-history":[{"count":1,"href":"https:\/\/jorgezanoni.com.br\/2019\/wp-json\/wp\/v2\/posts\/83548\/revisions"}],"predecessor-version":[{"id":83551,"href":"https:\/\/jorgezanoni.com.br\/2019\/wp-json\/wp\/v2\/posts\/83548\/revisions\/83551"}],"wp:featuredmedia":[{"embeddable":true,"href":"https:\/\/jorgezanoni.com.br\/2019\/wp-json\/wp\/v2\/media\/83550"}],"wp:attachment":[{"href":"https:\/\/jorgezanoni.com.br\/2019\/wp-json\/wp\/v2\/media?parent=83548"}],"wp:term":[{"taxonomy":"category","embeddable":true,"href":"https:\/\/jorgezanoni.com.br\/2019\/wp-json\/wp\/v2\/categories?post=83548"},{"taxonomy":"post_tag","embeddable":true,"href":"https:\/\/jorgezanoni.com.br\/2019\/wp-json\/wp\/v2\/tags?post=83548"}],"curies":[{"name":"wp","href":"https:\/\/api.w.org\/{rel}","templated":true}]}}