{"id":83539,"date":"2024-01-04T16:00:44","date_gmt":"2024-01-04T16:00:44","guid":{"rendered":"https:\/\/jorgezanoni.com.br\/2019\/?p=83539"},"modified":"2024-01-04T16:01:28","modified_gmt":"2024-01-04T16:01:28","slug":"sicredi-lanca-nova-fase-de-campanha-institucional","status":"publish","type":"post","link":"https:\/\/jorgezanoni.com.br\/2019\/sicredi-lanca-nova-fase-de-campanha-institucional\/","title":{"rendered":"Sicredi lan\u00e7a nova fase de Campanha Institucional"},"content":{"rendered":"<p style=\"text-align: justify;\"><strong><em>A\u00e7\u00f5es previstas para o primeiro trimestre de 2024 t\u00eam como inspira\u00e7\u00e3o o apoio da institui\u00e7\u00e3o \u00e0 realiza\u00e7\u00e3o dos sonhos de seus associados.<\/em><\/strong><em>\u00a0<\/em><\/p>\n<p style=\"text-align: justify;\">Na virada do ano, o Sicredi lan\u00e7ou a nova fase de sua campanha institucional. Trazendo uma mensagem de prosperidade no ano que se inicia, a institui\u00e7\u00e3o abordou seu papel de parceiro na realiza\u00e7\u00e3o dos sonhos dos seus associados. O carro-chefe desta fase foi a estreia de novos filmes com os cantores Ana Castela e Leo Santana, representando a diversidade brasileira e refor\u00e7ando o posicionamento do Sicredi como uma marca nacional.<\/p>\n<p style=\"text-align: justify;\">A estreia do novo filme ocorreu durante a transmiss\u00e3o do Show da Virada, da TV Globo \u2013 patrocinado pela institui\u00e7\u00e3o financeira -, na noite do dia 31 de dezembro. O VT do Sicredi foi o \u00faltimo comercial de 2023 e o primeiro de 2024 exibido na emissora, exceto no estado da Bahia, em que foi transmitida a Festa Virada Salvador. Al\u00e9m disso, foi o primeiro VT do ano na TV Record, SBT e Band. A m\u00fasica \u201cN\u00e3o quero dinheiro\u201d, de Tim Maia, cantada nas vozes das duas celebridades, ganhou outra adapta\u00e7\u00e3o de letra para esta segunda fase. A dupla trouxe mais uma vez as suas sonoridades caracter\u00edsticas que contemplam diferentes regi\u00f5es do pa\u00eds, ressaltando o diferencial do relacionamento pr\u00f3ximo e humano do Sicredi.<\/p>\n<p style=\"text-align: justify;\">Os v\u00eddeos seguir\u00e3o com divulga\u00e7\u00e3o nos canais de tv aberta &#8211; TV Globo, Record, SBT e Band -, visando expandir a presen\u00e7a da marca e conversar com audi\u00eancias diferentes. \u201cA nossa ideia foi aproveitar o retorno positivo que tivemos na campanha institucional e desenvolver uma a\u00e7\u00e3o de in\u00edcio do ano, ressaltando o per\u00edodo em que reservamos um tempo para sonhar e fazer planos de um novo ciclo. Estamos mostrando, mais uma vez, que nossos associados podem contar conosco para tornar seus sonhos realidade em 2024\u201d, afirmou Jo\u00e3o Clark, superintendente de Marketing e Growth do Sicredi.<\/p>\n<p style=\"text-align: justify;\">A campanha institucional foi desenvolvida pelas ag\u00eancias Hoc e\u00a0Jotacom, em parceria. Os v\u00eddeos de 1 minuto e de 30 segundos possuem cenas que representam o Brasil e mostram as formas de relacionamento do Sicredi nos ambientes f\u00edsicos ou nos canais digitais. Tamb\u00e9m est\u00e3o sendo divulgadas inser\u00e7\u00f5es em emissoras de r\u00e1dio e desdobramentos em posts nas redes sociais da institui\u00e7\u00e3o financeira cooperativa. A partir de fevereiro, as a\u00e7\u00f5es destacar\u00e3o as solu\u00e7\u00f5es do Sicredi, mostrando que os associados disp\u00f5em de um portf\u00f3lio completo para sua vida financeira.<\/p>\n<p style=\"text-align: justify;\"><strong>Resultados \u2013<\/strong>\u00a0A campanha institucional do Sicredi teve in\u00edcio na TV com um comercial no programa Fant\u00e1stico, em outubro de 2023. Na v\u00e9spera da sua veicula\u00e7\u00e3o, Ana Castela e Leo Santana postaram, em seus perfis no Instagram, um\u00a0<em>reels<\/em>\u00a0em colabora\u00e7\u00e3o com a institui\u00e7\u00e3o, gerando mais de 8 milh\u00f5es de visualiza\u00e7\u00f5es.<\/p>\n<p style=\"text-align: justify;\">Na sequ\u00eancia da inser\u00e7\u00e3o na TV, foram intensificadas as a\u00e7\u00f5es de digital em formato\u00a0<em>always-on<\/em>.\u00a0 O in\u00edcio da conversa em digital foi realizado em forma de\u00a0<em>teaser<\/em>\u00a0em oito perfis de influenciadores, que tiveram mais de 1 milh\u00e3o de visualiza\u00e7\u00f5es. Posteriormente, apenas o primeiro v\u00eddeo no Instagram do Sicredi foi visualizado por mais de 1,8 milh\u00e3o, sendo que 94% foram n\u00e3o seguidores originais. Somado a isso, o perfil da institui\u00e7\u00e3o no Instagram teve um crescimento de 18,3%. J\u00e1 no YouTube, a amplia\u00e7\u00e3o da base, nos primeiros cinco dias da campanha, foi de 21,1 mil novos seguidores (21,2%).<\/p>\n<p style=\"text-align: justify;\">Al\u00e9m dos n\u00fameros nas redes sociais, foi verificada uma amplia\u00e7\u00e3o superior a 200% na capta\u00e7\u00e3o de\u00a0<em>leads<\/em>\u00a0da institui\u00e7\u00e3o, comparando-se novembro de 2022 e o mesmo m\u00eas de 2023. Tamb\u00e9m foram contabilizados os acessos via Google, que aumentaram 53% na compara\u00e7\u00e3o com o per\u00edodo pr\u00e9-campanha. Outros diferenciais da primeira fase foram a imers\u00e3o feita com um grupo de influenciadores \u2013 o\u00a0<em>Creator\u2019s\u00a0Day<\/em>, em Nova Petr\u00f3polis (RS), capital nacional do cooperativismo no Brasil \u2013 e as parcerias com\u00a0PodDelas\u00a0(Tat\u00e1\u00a0Estaniecki\u00a0e\u00a0Boo\u00a0Unzueta, tendo como convidada Sarah Aline) e\u00a0PodPah\u00a0(Ig\u00e3o\u00a0e M\u00edtico, com participa\u00e7\u00e3o de Carolina Dieckmann e Fernanda Paes Leme).<\/p>\n<p style=\"text-align: justify;\">\u201cA estrat\u00e9gia de m\u00eddia foi desenhada para alcan\u00e7ar o maior n\u00famero poss\u00edvel de pessoas em todo o Brasil e, desde o in\u00edcio da campanha, temos verificado um aumento significativo de f\u00e3s e buscas pela nossa marca. Tem sido impressionante a receptividade de todas as regi\u00f5es do Brasil e esse \u00e9 s\u00f3 o come\u00e7o do quem vem pela frente\u201d, comemora Clark.<\/p>\n<p style=\"text-align: justify;\"><strong>Sobre o Sicredi\u202f<\/strong><\/p>\n<p style=\"text-align: justify;\"><em>O Sicredi \u00e9 uma institui\u00e7\u00e3o financeira cooperativa comprometida com o crescimento de seus associados e com o desenvolvimento das regi\u00f5es onde atua. Possui um modelo de gest\u00e3o que valoriza a participa\u00e7\u00e3o dos mais de 7,5 milh\u00f5es de associados, que exercem o papel de donos do neg\u00f3cio. Com mais de 2.600 ag\u00eancias, o Sicredi est\u00e1 presente fisicamente em todos os estados brasileiros e no Distrito Federal, disponibilizando uma gama completa de solu\u00e7\u00f5es financeiras e n\u00e3o financeiras.<\/em><\/p>\n<p><strong><em>Site do Sicredi: <\/em><\/strong><a href=\"http:\/\/www.sicredi.com.br\"><strong><em>www.sicredi.com.br<\/em><\/strong><\/a><\/p>\n<p><strong><em>Redes Sociais: <\/em><\/strong><a href=\"http:\/\/www.facebook.com\/sicredicentrooestepaulista\"><strong><em>Facebook<\/em><\/strong><\/a><em> |<\/em> <a href=\"https:\/\/www.linkedin.com\/company\/sicredi-centro-oeste-paulista\/\"><strong><em>LinkedIn<\/em><\/strong><\/a><em> |<\/em> <a href=\"http:\/\/www.youtube.com\/sicredicentrooestepaulista\"><strong><em>YouTube<\/em><\/strong><\/a> <em>| <\/em><a href=\"http:\/\/www.instagram.com\/sicredicentrooestepaulista\"><strong><em>Instagram<\/em><\/strong><\/a><\/p>\n<p><img loading=\"lazy\" decoding=\"async\" class=\"alignnone size-full wp-image-83540\" src=\"https:\/\/jorgezanoni.com.br\/2019\/wp-content\/uploads\/2024\/01\/2023_Joao_Clark_Sicredi-Pequeno.jpeg\" alt=\"\" width=\"480\" height=\"719\" srcset=\"https:\/\/jorgezanoni.com.br\/2019\/wp-content\/uploads\/2024\/01\/2023_Joao_Clark_Sicredi-Pequeno.jpeg 480w, https:\/\/jorgezanoni.com.br\/2019\/wp-content\/uploads\/2024\/01\/2023_Joao_Clark_Sicredi-Pequeno-200x300.jpeg 200w, https:\/\/jorgezanoni.com.br\/2019\/wp-content\/uploads\/2024\/01\/2023_Joao_Clark_Sicredi-Pequeno-280x420.jpeg 280w\" sizes=\"auto, (max-width: 480px) 100vw, 480px\" \/> <img loading=\"lazy\" decoding=\"async\" class=\"alignnone size-full wp-image-83542\" src=\"https:\/\/jorgezanoni.com.br\/2019\/wp-content\/uploads\/2024\/01\/Leo-Santana-Campanha-Sicredi-2023-2024-1-Pequeno.jpg\" alt=\"\" width=\"642\" height=\"480\" srcset=\"https:\/\/jorgezanoni.com.br\/2019\/wp-content\/uploads\/2024\/01\/Leo-Santana-Campanha-Sicredi-2023-2024-1-Pequeno.jpg 642w, https:\/\/jorgezanoni.com.br\/2019\/wp-content\/uploads\/2024\/01\/Leo-Santana-Campanha-Sicredi-2023-2024-1-Pequeno-300x224.jpg 300w, https:\/\/jorgezanoni.com.br\/2019\/wp-content\/uploads\/2024\/01\/Leo-Santana-Campanha-Sicredi-2023-2024-1-Pequeno-80x60.jpg 80w, https:\/\/jorgezanoni.com.br\/2019\/wp-content\/uploads\/2024\/01\/Leo-Santana-Campanha-Sicredi-2023-2024-1-Pequeno-265x198.jpg 265w, https:\/\/jorgezanoni.com.br\/2019\/wp-content\/uploads\/2024\/01\/Leo-Santana-Campanha-Sicredi-2023-2024-1-Pequeno-562x420.jpg 562w\" sizes=\"auto, (max-width: 642px) 100vw, 642px\" \/><\/p>\n<p>Fonte: Comunica\u00e7\u00e3o e Marketing<\/p>\n<p>&nbsp;<\/p>\n<p>&nbsp;<\/p>\n","protected":false},"excerpt":{"rendered":"<p>A\u00e7\u00f5es previstas para o primeiro trimestre de 2024 t\u00eam como inspira\u00e7\u00e3o o apoio da institui\u00e7\u00e3o \u00e0 realiza\u00e7\u00e3o dos sonhos de seus associados.\u00a0 Na virada do ano, o Sicredi lan\u00e7ou a nova fase de sua campanha institucional. Trazendo uma mensagem de prosperidade no ano que se inicia, a institui\u00e7\u00e3o abordou seu papel de parceiro na realiza\u00e7\u00e3o [&hellip;]<\/p>\n","protected":false},"author":1,"featured_media":83541,"comment_status":"closed","ping_status":"open","sticky":false,"template":"","format":"standard","meta":{"footnotes":""},"categories":[110,116],"tags":[],"class_list":["post-83539","post","type-post","status-publish","format-standard","has-post-thumbnail","hentry","category-noticiasdestaque","category-politicaeeconomia"],"_links":{"self":[{"href":"https:\/\/jorgezanoni.com.br\/2019\/wp-json\/wp\/v2\/posts\/83539","targetHints":{"allow":["GET"]}}],"collection":[{"href":"https:\/\/jorgezanoni.com.br\/2019\/wp-json\/wp\/v2\/posts"}],"about":[{"href":"https:\/\/jorgezanoni.com.br\/2019\/wp-json\/wp\/v2\/types\/post"}],"author":[{"embeddable":true,"href":"https:\/\/jorgezanoni.com.br\/2019\/wp-json\/wp\/v2\/users\/1"}],"replies":[{"embeddable":true,"href":"https:\/\/jorgezanoni.com.br\/2019\/wp-json\/wp\/v2\/comments?post=83539"}],"version-history":[{"count":2,"href":"https:\/\/jorgezanoni.com.br\/2019\/wp-json\/wp\/v2\/posts\/83539\/revisions"}],"predecessor-version":[{"id":83544,"href":"https:\/\/jorgezanoni.com.br\/2019\/wp-json\/wp\/v2\/posts\/83539\/revisions\/83544"}],"wp:featuredmedia":[{"embeddable":true,"href":"https:\/\/jorgezanoni.com.br\/2019\/wp-json\/wp\/v2\/media\/83541"}],"wp:attachment":[{"href":"https:\/\/jorgezanoni.com.br\/2019\/wp-json\/wp\/v2\/media?parent=83539"}],"wp:term":[{"taxonomy":"category","embeddable":true,"href":"https:\/\/jorgezanoni.com.br\/2019\/wp-json\/wp\/v2\/categories?post=83539"},{"taxonomy":"post_tag","embeddable":true,"href":"https:\/\/jorgezanoni.com.br\/2019\/wp-json\/wp\/v2\/tags?post=83539"}],"curies":[{"name":"wp","href":"https:\/\/api.w.org\/{rel}","templated":true}]}}