{"id":8346,"date":"2019-10-09T22:35:40","date_gmt":"2019-10-09T22:35:40","guid":{"rendered":"https:\/\/jorgezanoni.com.br\/2019\/?p=8346"},"modified":"2019-10-09T22:35:40","modified_gmt":"2019-10-09T22:35:40","slug":"conquistadores-e-conquistados-uma-reflexao-tupiniquim","status":"publish","type":"post","link":"https:\/\/jorgezanoni.com.br\/2019\/conquistadores-e-conquistados-uma-reflexao-tupiniquim\/","title":{"rendered":"Conquistadores e Conquistados: Uma reflex\u00e3o Tupiniquim"},"content":{"rendered":"<p style=\"text-align: justify;\"><strong>CONQUISTADORES E CONQUISTADOS: UMA REFLEX\u00c3O TUPINIQUIM!<\/strong><\/p>\n<p style=\"text-align: justify;\"><strong><em>S\u00e9rgio Barbosa (*)<\/em><\/strong><\/p>\n<p style=\"text-align: justify;\"><em>\u201cJulg\u00e1vamos que, por termos o poder, t\u00ednhamos sabedoria\u201d. (Stephen Vincent Ben\u00e9c)<\/em><\/p>\n<p style=\"text-align: justify;\">Depois da tal descoberta das Am\u00e9ricas, neste caso, portuguesa e espanhola nos tempos e outrora, quando por aqui aportaram, Crist\u00f3v\u00e3o Colombo no centro e no norte em nome da coroa espanhola, por\u00e9m, no sul, Pedro \u00c1lvares Cabral sob a bandeira da coroa portuguesa, todavia, ambos vieram com a cruz do cristianismo na frente e a espada da for\u00e7a invasora logo atr\u00e1s para dominar em nome dos respectivos reinos europeus.<\/p>\n<p style=\"text-align: justify;\">Os comandados de cima, de um jeito ou de outro acabaram se libertando dos opressores, antes, dizimaram em nome da cruz os primeiros habitantes deste novo territ\u00f3rio, tamb\u00e9m, nos tr\u00f3picos debaixo as coisas aconteceram da mesma forma, os espanh\u00f3is a fizeram.<\/p>\n<p style=\"text-align: justify;\">Depois, os conquistadores das 13 col\u00f4nias plantadas em territ\u00f3rio norte-americano, estes, em nome do protestantismo pietista avan\u00e7aram rumo ao oeste, neste caminho, as caravanas foram anexando terras e ind\u00edgenas como posses em nome da bandeira capitalista do novo Deus protestante.<\/p>\n<p style=\"text-align: justify;\">No caso das col\u00f4nias portuguesas, rodeadas pelas conquistas espanholas espalhadas pela rec\u00e9m descoberta Am\u00e9rica do Sul, depois da invas\u00e3o na \u00e1rea central do continente americano, os conquistadores portugueses souberam dar o tom do poder b\u00e9lico, bem como, levando a salva\u00e7\u00e3o do cristianismo por meio da cruz da liberta\u00e7\u00e3o dos pag\u00e3os, neste caso, os ind\u00edgenas tupiniquins.<\/p>\n<p style=\"text-align: justify;\">Debater temas relacionados com a salva\u00e7\u00e3o deste mundo secular n\u00e3o \u00e9 tarefa simplista, assim, faz-se necess\u00e1rio estar em conex\u00e3o com as pesquisas sobre o outro tempo para uma reflex\u00e3o acima do bem e do mal desta salva\u00e7\u00e3o intermediada pelo cristianismo na \u00e9poca das invas\u00f5es das Am\u00e9ricas.<\/p>\n<p style=\"text-align: justify;\">Portanto, hoje, discute-se tudo e nada sobre tais conquistas em nome do avan\u00e7o da civiliza\u00e7\u00e3o ocidental, afinal de contas, os chamados b\u00e1rbaros, estes em outros cantos do planeta, tamb\u00e9m, usaram as mesmas armas em suas conquistas frente ao novo mundo novo.<\/p>\n<p style=\"text-align: justify;\">Por\u00e9m, diz o velho dito popular, \u201cum erro n\u00e3o justifica o outro\u201d, entretanto, tal coloca\u00e7\u00e3o fica a deriva quando o tema est\u00e1 relacionado com as conquistas das diversas civiliza\u00e7\u00f5es, de norte a sul, do leste para o oeste e assim por diante, basta uma pesquisa em cima do material dispon\u00edvel para uma an\u00e1lise cr\u00edtica sobre as tem\u00e1ticas hist\u00f3ricas em tempo de p\u00f3s-globaliza\u00e7\u00e3o.<\/p>\n<p style=\"text-align: justify;\">O \u201cPa\u00eds do faz de conta\u201d n\u00e3o tem compromisso com o passado, muito menos com o presente e o futuro \u00e9 um lugar que n\u00e3o existe para o poder p\u00fablico nas esferas municipal, estadual e federal, ainda mais, quando o pa\u00eds caminha para mais um processo eleitoral no pr\u00f3ximo ano sob a bandeira tupiniquim das trocas, aqui, nada simb\u00f3licas em fun\u00e7\u00e3o da atual conjuntura s\u00f3cio-econ\u00f4mico-pol\u00edtica.<\/p>\n<p style=\"text-align: justify;\">\u00c9 necess\u00e1rio investir em \u00e1reas afins aos interesses da comunidade, desta forma, por meio dos processos em n\u00edvel de planejamento podem fazer a diferen\u00e7a no presente com proje\u00e7\u00e3o para o futuro do \u201cPa\u00eds do faz de conta\u201d visando suprir as dificuldades com a reflex\u00e3o cr\u00edtica sobre temas hist\u00f3ricos e afins ao compromisso com a cidadania tupiniquim.<\/p>\n<p style=\"text-align: justify;\"><em>___________________________________________<\/em><\/p>\n<p style=\"text-align: justify;\"><em>(*) Jornalista profissional diplomado e professor universit\u00e1rio.<\/em><\/p>\n<p style=\"text-align: justify;\">\n","protected":false},"excerpt":{"rendered":"<p>CONQUISTADORES E CONQUISTADOS: UMA REFLEX\u00c3O TUPINIQUIM! S\u00e9rgio Barbosa (*) \u201cJulg\u00e1vamos que, por termos o poder, t\u00ednhamos sabedoria\u201d. (Stephen Vincent Ben\u00e9c) Depois da tal descoberta das Am\u00e9ricas, neste caso, portuguesa e espanhola nos tempos e outrora, quando por aqui aportaram, Crist\u00f3v\u00e3o Colombo no centro e no norte em nome da coroa espanhola, por\u00e9m, no sul, Pedro [&hellip;]<\/p>\n","protected":false},"author":1,"featured_media":8347,"comment_status":"closed","ping_status":"open","sticky":false,"template":"","format":"standard","meta":{"footnotes":""},"categories":[175],"tags":[],"class_list":["post-8346","post","type-post","status-publish","format-standard","has-post-thumbnail","hentry","category-artigos"],"_links":{"self":[{"href":"https:\/\/jorgezanoni.com.br\/2019\/wp-json\/wp\/v2\/posts\/8346","targetHints":{"allow":["GET"]}}],"collection":[{"href":"https:\/\/jorgezanoni.com.br\/2019\/wp-json\/wp\/v2\/posts"}],"about":[{"href":"https:\/\/jorgezanoni.com.br\/2019\/wp-json\/wp\/v2\/types\/post"}],"author":[{"embeddable":true,"href":"https:\/\/jorgezanoni.com.br\/2019\/wp-json\/wp\/v2\/users\/1"}],"replies":[{"embeddable":true,"href":"https:\/\/jorgezanoni.com.br\/2019\/wp-json\/wp\/v2\/comments?post=8346"}],"version-history":[{"count":0,"href":"https:\/\/jorgezanoni.com.br\/2019\/wp-json\/wp\/v2\/posts\/8346\/revisions"}],"wp:featuredmedia":[{"embeddable":true,"href":"https:\/\/jorgezanoni.com.br\/2019\/wp-json\/wp\/v2\/media\/8347"}],"wp:attachment":[{"href":"https:\/\/jorgezanoni.com.br\/2019\/wp-json\/wp\/v2\/media?parent=8346"}],"wp:term":[{"taxonomy":"category","embeddable":true,"href":"https:\/\/jorgezanoni.com.br\/2019\/wp-json\/wp\/v2\/categories?post=8346"},{"taxonomy":"post_tag","embeddable":true,"href":"https:\/\/jorgezanoni.com.br\/2019\/wp-json\/wp\/v2\/tags?post=8346"}],"curies":[{"name":"wp","href":"https:\/\/api.w.org\/{rel}","templated":true}]}}