{"id":83442,"date":"2023-12-30T13:53:12","date_gmt":"2023-12-30T13:53:12","guid":{"rendered":"https:\/\/jorgezanoni.com.br\/2019\/?p=83442"},"modified":"2023-12-30T13:53:12","modified_gmt":"2023-12-30T13:53:12","slug":"policia-militar-apreende-adolescente-por-furto-de-veiculo-em-ouro-verde","status":"publish","type":"post","link":"https:\/\/jorgezanoni.com.br\/2019\/policia-militar-apreende-adolescente-por-furto-de-veiculo-em-ouro-verde\/","title":{"rendered":"Pol\u00edcia Militar apreende adolescente por furto de ve\u00edculo em Ouro Verde"},"content":{"rendered":"<p style=\"text-align: justify;\">Na data de (28), os policiais do 25\u00b0 Batalh\u00e3o de Pol\u00edcia Militar do Interior prenderam um adolescente por furto de ve\u00edculo em Ouro Verde.<br \/>\nA equipe ap\u00f3s receber informa\u00e7\u00f5es de um furto de ve\u00edculo ocorrido em data anterior no munic\u00edpio de Drancena, e em posse das imagens e caracter\u00edsticas do autor do furto, foi informada que a motocicleta iria para cidade de Ouro Verde, os policiais iniciaram as dilig\u00eancias para tentar recupera-la e durante um bloqueio de tr\u00e2nsito pela entrada do munic\u00edpio, um adolescente (17 anos) ap\u00f3s ao avistar as equipes, tentou evadir-se para dentro do canavial e logo foi abordado, durante abordagem foi encontrado em mochila que estava com o suspeito, diversas vestes que condiziam com imagens das c\u00e2meras no local do furto, e ao consultar a placa do ve\u00edculo, foi constatado que se tratava de produto de furto, na data de ontem, ao ser questionado, o autor confessou o crime e que a motocicleta seria levada para<\/p>\n<p>Fonte: Comunica\u00e7\u00e3o Social Pol\u00edcia Militar<\/p>\n","protected":false},"excerpt":{"rendered":"<p>Na data de (28), os policiais do 25\u00b0 Batalh\u00e3o de Pol\u00edcia Militar do Interior prenderam um adolescente por furto de ve\u00edculo em Ouro Verde. A equipe ap\u00f3s receber informa\u00e7\u00f5es de um furto de ve\u00edculo ocorrido em data anterior no munic\u00edpio de Drancena, e em posse das imagens e caracter\u00edsticas do autor do furto, foi informada [&hellip;]<\/p>\n","protected":false},"author":1,"featured_media":83443,"comment_status":"closed","ping_status":"open","sticky":false,"template":"","format":"standard","meta":{"footnotes":""},"categories":[110,2],"tags":[],"class_list":["post-83442","post","type-post","status-publish","format-standard","has-post-thumbnail","hentry","category-noticiasdestaque","category-policial"],"_links":{"self":[{"href":"https:\/\/jorgezanoni.com.br\/2019\/wp-json\/wp\/v2\/posts\/83442","targetHints":{"allow":["GET"]}}],"collection":[{"href":"https:\/\/jorgezanoni.com.br\/2019\/wp-json\/wp\/v2\/posts"}],"about":[{"href":"https:\/\/jorgezanoni.com.br\/2019\/wp-json\/wp\/v2\/types\/post"}],"author":[{"embeddable":true,"href":"https:\/\/jorgezanoni.com.br\/2019\/wp-json\/wp\/v2\/users\/1"}],"replies":[{"embeddable":true,"href":"https:\/\/jorgezanoni.com.br\/2019\/wp-json\/wp\/v2\/comments?post=83442"}],"version-history":[{"count":1,"href":"https:\/\/jorgezanoni.com.br\/2019\/wp-json\/wp\/v2\/posts\/83442\/revisions"}],"predecessor-version":[{"id":83444,"href":"https:\/\/jorgezanoni.com.br\/2019\/wp-json\/wp\/v2\/posts\/83442\/revisions\/83444"}],"wp:featuredmedia":[{"embeddable":true,"href":"https:\/\/jorgezanoni.com.br\/2019\/wp-json\/wp\/v2\/media\/83443"}],"wp:attachment":[{"href":"https:\/\/jorgezanoni.com.br\/2019\/wp-json\/wp\/v2\/media?parent=83442"}],"wp:term":[{"taxonomy":"category","embeddable":true,"href":"https:\/\/jorgezanoni.com.br\/2019\/wp-json\/wp\/v2\/categories?post=83442"},{"taxonomy":"post_tag","embeddable":true,"href":"https:\/\/jorgezanoni.com.br\/2019\/wp-json\/wp\/v2\/tags?post=83442"}],"curies":[{"name":"wp","href":"https:\/\/api.w.org\/{rel}","templated":true}]}}