{"id":8343,"date":"2019-10-09T21:56:40","date_gmt":"2019-10-09T21:56:40","guid":{"rendered":"https:\/\/jorgezanoni.com.br\/2019\/?p=8343"},"modified":"2019-10-09T21:56:40","modified_gmt":"2019-10-09T21:56:40","slug":"aviso-da-emdaep-sobre-falta-de-agua-em-2-lugares","status":"publish","type":"post","link":"https:\/\/jorgezanoni.com.br\/2019\/aviso-da-emdaep-sobre-falta-de-agua-em-2-lugares\/","title":{"rendered":"Aviso da EMDAEP sobre falta de \u00e1gua em 2 lugares"},"content":{"rendered":"<p class=\"ydpe124d04cMsoNormal\" style=\"text-align: justify;\">Emdaep realiza servi\u00e7os na rede de \u00e1gua<\/p>\n<p class=\"ydpe124d04cMsoNormal\" style=\"text-align: justify;\">A Emdaep informa que realiza servi\u00e7os emergenciais na rede de \u00e1gua, nesta quarta-feira. Na Rua Irradia\u00e7\u00e3o (Vila Luc\u00e9lia) ocorre o encabe\u00e7amento de rede, com falta de \u00e1gua em toda a regi\u00e3o. Os servi\u00e7os devem ser conclu\u00eddos ao longo do dia.<\/p>\n<p class=\"ydpe124d04cMsoNormal\" style=\"text-align: justify;\">Na Rua Aristides Zanoni (Jardim das Palmeiras) \u00e9 realizada a recupera\u00e7\u00e3o de rede que se rompeu, tamb\u00e9m com registro de falta de \u00e1gua nas resid\u00eancias. Funcion\u00e1rios da Emdaep trabalham para a solu\u00e7\u00e3o do problema.<\/p>\n<p class=\"ydpe124d04cMsoNormal\" style=\"text-align: justify;\">A Emdaep orienta a popula\u00e7\u00e3o a instalar reservat\u00f3rios nas resid\u00eancias para evitar falta de \u00e1gua em situa\u00e7\u00f5es de emerg\u00eancia.<\/p>\n<p class=\"ydpe124d04cMsoNormal\" style=\"text-align: justify;\">Ass. Rela\u00e7\u00f5es P\u00fablicas da Emdaep<\/p>\n","protected":false},"excerpt":{"rendered":"<p>Emdaep realiza servi\u00e7os na rede de \u00e1gua A Emdaep informa que realiza servi\u00e7os emergenciais na rede de \u00e1gua, nesta quarta-feira. Na Rua Irradia\u00e7\u00e3o (Vila Luc\u00e9lia) ocorre o encabe\u00e7amento de rede, com falta de \u00e1gua em toda a regi\u00e3o. Os servi\u00e7os devem ser conclu\u00eddos ao longo do dia. Na Rua Aristides Zanoni (Jardim das Palmeiras) \u00e9 [&hellip;]<\/p>\n","protected":false},"author":1,"featured_media":8344,"comment_status":"closed","ping_status":"open","sticky":false,"template":"","format":"standard","meta":{"footnotes":""},"categories":[179,114],"tags":[],"class_list":["post-8343","post","type-post","status-publish","format-standard","has-post-thumbnail","hentry","category-cidadeseregiao","category-geralecomercio"],"_links":{"self":[{"href":"https:\/\/jorgezanoni.com.br\/2019\/wp-json\/wp\/v2\/posts\/8343","targetHints":{"allow":["GET"]}}],"collection":[{"href":"https:\/\/jorgezanoni.com.br\/2019\/wp-json\/wp\/v2\/posts"}],"about":[{"href":"https:\/\/jorgezanoni.com.br\/2019\/wp-json\/wp\/v2\/types\/post"}],"author":[{"embeddable":true,"href":"https:\/\/jorgezanoni.com.br\/2019\/wp-json\/wp\/v2\/users\/1"}],"replies":[{"embeddable":true,"href":"https:\/\/jorgezanoni.com.br\/2019\/wp-json\/wp\/v2\/comments?post=8343"}],"version-history":[{"count":0,"href":"https:\/\/jorgezanoni.com.br\/2019\/wp-json\/wp\/v2\/posts\/8343\/revisions"}],"wp:featuredmedia":[{"embeddable":true,"href":"https:\/\/jorgezanoni.com.br\/2019\/wp-json\/wp\/v2\/media\/8344"}],"wp:attachment":[{"href":"https:\/\/jorgezanoni.com.br\/2019\/wp-json\/wp\/v2\/media?parent=8343"}],"wp:term":[{"taxonomy":"category","embeddable":true,"href":"https:\/\/jorgezanoni.com.br\/2019\/wp-json\/wp\/v2\/categories?post=8343"},{"taxonomy":"post_tag","embeddable":true,"href":"https:\/\/jorgezanoni.com.br\/2019\/wp-json\/wp\/v2\/tags?post=8343"}],"curies":[{"name":"wp","href":"https:\/\/api.w.org\/{rel}","templated":true}]}}