{"id":83424,"date":"2023-12-30T13:44:11","date_gmt":"2023-12-30T13:44:11","guid":{"rendered":"https:\/\/jorgezanoni.com.br\/2019\/?p=83424"},"modified":"2023-12-30T13:44:11","modified_gmt":"2023-12-30T13:44:11","slug":"so-deus-basta-ordenacao-do-diacono-kleber-alexandre-costa","status":"publish","type":"post","link":"https:\/\/jorgezanoni.com.br\/2019\/so-deus-basta-ordenacao-do-diacono-kleber-alexandre-costa\/","title":{"rendered":"S\u00d3 DEUS BASTA: Ordena\u00e7\u00e3o do Di\u00e1cono Kleber Alexandre Costa"},"content":{"rendered":"<p>S\u00d3 DEUS BASTA<\/p>\n<p style=\"text-align: justify;\">Na noite de ontem, dia 29, na Igreja Matriz de Nossa Senhora Aparecida, em Dracena, a Diocese de Mar\u00edlia acolheu o rito de ordena\u00e7\u00e3o do Di\u00e1cono Kleber Alexandre Costa.<\/p>\n<p style=\"text-align: justify;\">A cerim\u00f4nia, que reuniu ministros ordenados e fi\u00e9is leigos, foi presidida por Dom Luiz Antonio Cipolini, bispo diocesano de Mar\u00edlia.<\/p>\n<p style=\"text-align: justify;\">Na homilia, ao retomar as reflex\u00f5es da 16\u00aa Assembleia Geral Ordin\u00e1ria do S\u00ednodo dos Bispos que ocorreu em Roma no m\u00eas de outubro, Dom Luiz enfatizou que numa Igreja em estrutura sinodal, \u201cos ministros ordenados s\u00e3o chamados a viver o seu servi\u00e7o ao povo de Deus numa atitude de proximidade \u00e0s pessoas, de acolhimento e de escuta de todos\u201d.<\/p>\n<p style=\"text-align: justify;\">O bispo tamb\u00e9m ressaltou a import\u00e2ncia do cultivo da espiritualidade pessoal e da vida de ora\u00e7\u00e3o. Dirigindo-se ao ent\u00e3o seminarista Kleber, Dom Luiz pediu que ele n\u00e3o se envergonhe em ser servidor das pessoas, \u201cpelo contr\u00e1rio, considera-o uma honra, pois assim estar\u00e1 imitando a Jesus, seu Mestre\u201d, concluiu.<\/p>\n<p style=\"text-align: justify;\">Ap\u00f3s a reflex\u00e3o, ocorreu o rito de ordena\u00e7\u00e3o. Ao final, o Di\u00e1cono Kleber agradeceu a presen\u00e7a, as ora\u00e7\u00f5es e o apoio de todos ao longo de seu processo no semin\u00e1rio, destacou seu amor para com sua fam\u00edlia e a dedica\u00e7\u00e3o das equipes de trabalho na prepara\u00e7\u00e3o da Missa de ordena\u00e7\u00e3o.<\/p>\n<p style=\"text-align: justify;\">SERVIR E AMAR<\/p>\n<p style=\"text-align: justify;\">Nascido em Junqueir\u00f3polis, o neodi\u00e1cono cresceu em idade e na f\u00e9 na cidade de Dracena. Na Par\u00f3quia Nossa Senhora Aparecida, recebeu os sacramentos de inicia\u00e7\u00e3o \u00e0 vida crist\u00e3 e, em 2016, ingressou no Semin\u00e1rio Proped\u00eautico S\u00e3o Pio X em Mar\u00edlia.<\/p>\n<p style=\"text-align: justify;\">Nos anos seguintes, cursou Filosofia e Teologia na Faculdade Jo\u00e3o Paulo II (Fajopa), em Mar\u00edlia, e residiu no Semin\u00e1rio Provincial Sagrado Cora\u00e7\u00e3o de Jesus e no Semin\u00e1rio Diocesano Rainha dos Ap\u00f3stolos, ambos tamb\u00e9m em Mar\u00edlia.<\/p>\n<p style=\"text-align: justify;\">Neste per\u00edodo, realizou seus est\u00e1gios pastorais nas par\u00f3quias de Vera Cruz, Florida Paulista, Luc\u00e9lia e Pracinha, e na Par\u00f3quia Santa Edwiges, de Mar\u00edlia. Como di\u00e1cono, acompanhar\u00e1 Dom Luiz Antonio em suas atividades e auxiliar\u00e1 no trabalho pastoral da Catedral de S\u00e3o Bento.<\/p>\n<p style=\"text-align: justify;\">\u201cS\u00f3 Deus basta\u201d foi a inspira\u00e7\u00e3o de Santa Teresa D\u00b4Avila que o Di\u00e1cono Kleber escolheu para orientar seu minist\u00e9rio diaconal. \u201cAgora como di\u00e1cono, nas fun\u00e7\u00f5es a mim confiadas por meio deste sagrado minist\u00e9rio, desejo servir e amar a Deus em cada pessoa que necessita! Pe\u00e7o que continuem rezando por mim para que eu seja, de fato, o sinal que Deus espera de cada um de n\u00f3s. Sejamos todos sinas da presen\u00e7a de Jesus neste mundo, pois esta \u00e9 a maior riqueza que um ser humano pode ter, a maior heran\u00e7a que uma fam\u00edlia pode deixar\u201d, disse o neodi\u00e1cono ao completar: \u201csendo Deus o seu tesouro nada lhe falta, s\u00f3 Deus basta\u201d.<\/p>\n<p><img loading=\"lazy\" decoding=\"async\" class=\"alignnone size-full wp-image-83426\" src=\"https:\/\/jorgezanoni.com.br\/2019\/wp-content\/uploads\/2023\/12\/or1-Pequeno.jpg\" alt=\"\" width=\"720\" height=\"480\" srcset=\"https:\/\/jorgezanoni.com.br\/2019\/wp-content\/uploads\/2023\/12\/or1-Pequeno.jpg 720w, https:\/\/jorgezanoni.com.br\/2019\/wp-content\/uploads\/2023\/12\/or1-Pequeno-300x200.jpg 300w, https:\/\/jorgezanoni.com.br\/2019\/wp-content\/uploads\/2023\/12\/or1-Pequeno-696x464.jpg 696w, https:\/\/jorgezanoni.com.br\/2019\/wp-content\/uploads\/2023\/12\/or1-Pequeno-630x420.jpg 630w\" sizes=\"auto, (max-width: 720px) 100vw, 720px\" \/> <img loading=\"lazy\" decoding=\"async\" class=\"alignnone size-full wp-image-83427\" src=\"https:\/\/jorgezanoni.com.br\/2019\/wp-content\/uploads\/2023\/12\/or2-Pequeno.jpg\" alt=\"\" width=\"720\" height=\"480\" srcset=\"https:\/\/jorgezanoni.com.br\/2019\/wp-content\/uploads\/2023\/12\/or2-Pequeno.jpg 720w, https:\/\/jorgezanoni.com.br\/2019\/wp-content\/uploads\/2023\/12\/or2-Pequeno-300x200.jpg 300w, https:\/\/jorgezanoni.com.br\/2019\/wp-content\/uploads\/2023\/12\/or2-Pequeno-696x464.jpg 696w, https:\/\/jorgezanoni.com.br\/2019\/wp-content\/uploads\/2023\/12\/or2-Pequeno-630x420.jpg 630w\" sizes=\"auto, (max-width: 720px) 100vw, 720px\" \/> <img loading=\"lazy\" decoding=\"async\" class=\"alignnone size-full wp-image-83428\" src=\"https:\/\/jorgezanoni.com.br\/2019\/wp-content\/uploads\/2023\/12\/or3-Pequeno.jpg\" alt=\"\" width=\"720\" height=\"480\" srcset=\"https:\/\/jorgezanoni.com.br\/2019\/wp-content\/uploads\/2023\/12\/or3-Pequeno.jpg 720w, https:\/\/jorgezanoni.com.br\/2019\/wp-content\/uploads\/2023\/12\/or3-Pequeno-300x200.jpg 300w, https:\/\/jorgezanoni.com.br\/2019\/wp-content\/uploads\/2023\/12\/or3-Pequeno-696x464.jpg 696w, https:\/\/jorgezanoni.com.br\/2019\/wp-content\/uploads\/2023\/12\/or3-Pequeno-630x420.jpg 630w\" sizes=\"auto, (max-width: 720px) 100vw, 720px\" \/> <img loading=\"lazy\" decoding=\"async\" class=\"alignnone size-full wp-image-83429\" src=\"https:\/\/jorgezanoni.com.br\/2019\/wp-content\/uploads\/2023\/12\/or4-Pequeno.jpg\" alt=\"\" width=\"720\" height=\"480\" srcset=\"https:\/\/jorgezanoni.com.br\/2019\/wp-content\/uploads\/2023\/12\/or4-Pequeno.jpg 720w, https:\/\/jorgezanoni.com.br\/2019\/wp-content\/uploads\/2023\/12\/or4-Pequeno-300x200.jpg 300w, https:\/\/jorgezanoni.com.br\/2019\/wp-content\/uploads\/2023\/12\/or4-Pequeno-696x464.jpg 696w, https:\/\/jorgezanoni.com.br\/2019\/wp-content\/uploads\/2023\/12\/or4-Pequeno-630x420.jpg 630w\" sizes=\"auto, (max-width: 720px) 100vw, 720px\" \/> <img loading=\"lazy\" decoding=\"async\" class=\"alignnone size-full wp-image-83430\" src=\"https:\/\/jorgezanoni.com.br\/2019\/wp-content\/uploads\/2023\/12\/or5-Pequeno.jpg\" alt=\"\" width=\"720\" height=\"480\" srcset=\"https:\/\/jorgezanoni.com.br\/2019\/wp-content\/uploads\/2023\/12\/or5-Pequeno.jpg 720w, https:\/\/jorgezanoni.com.br\/2019\/wp-content\/uploads\/2023\/12\/or5-Pequeno-300x200.jpg 300w, https:\/\/jorgezanoni.com.br\/2019\/wp-content\/uploads\/2023\/12\/or5-Pequeno-696x464.jpg 696w, https:\/\/jorgezanoni.com.br\/2019\/wp-content\/uploads\/2023\/12\/or5-Pequeno-630x420.jpg 630w\" sizes=\"auto, (max-width: 720px) 100vw, 720px\" \/> <img loading=\"lazy\" decoding=\"async\" class=\"alignnone size-full wp-image-83431\" src=\"https:\/\/jorgezanoni.com.br\/2019\/wp-content\/uploads\/2023\/12\/or6-Pequeno.jpg\" alt=\"\" width=\"721\" height=\"480\" srcset=\"https:\/\/jorgezanoni.com.br\/2019\/wp-content\/uploads\/2023\/12\/or6-Pequeno.jpg 721w, https:\/\/jorgezanoni.com.br\/2019\/wp-content\/uploads\/2023\/12\/or6-Pequeno-300x200.jpg 300w, https:\/\/jorgezanoni.com.br\/2019\/wp-content\/uploads\/2023\/12\/or6-Pequeno-696x463.jpg 696w, https:\/\/jorgezanoni.com.br\/2019\/wp-content\/uploads\/2023\/12\/or6-Pequeno-631x420.jpg 631w\" sizes=\"auto, (max-width: 721px) 100vw, 721px\" \/> <img loading=\"lazy\" decoding=\"async\" class=\"alignnone size-full wp-image-83432\" src=\"https:\/\/jorgezanoni.com.br\/2019\/wp-content\/uploads\/2023\/12\/or7-Pequeno.jpg\" alt=\"\" width=\"720\" height=\"480\" srcset=\"https:\/\/jorgezanoni.com.br\/2019\/wp-content\/uploads\/2023\/12\/or7-Pequeno.jpg 720w, https:\/\/jorgezanoni.com.br\/2019\/wp-content\/uploads\/2023\/12\/or7-Pequeno-300x200.jpg 300w, https:\/\/jorgezanoni.com.br\/2019\/wp-content\/uploads\/2023\/12\/or7-Pequeno-696x464.jpg 696w, https:\/\/jorgezanoni.com.br\/2019\/wp-content\/uploads\/2023\/12\/or7-Pequeno-630x420.jpg 630w\" sizes=\"auto, (max-width: 720px) 100vw, 720px\" \/> <img loading=\"lazy\" decoding=\"async\" class=\"alignnone size-full wp-image-83433\" src=\"https:\/\/jorgezanoni.com.br\/2019\/wp-content\/uploads\/2023\/12\/or8-Pequeno.jpg\" alt=\"\" width=\"720\" height=\"480\" srcset=\"https:\/\/jorgezanoni.com.br\/2019\/wp-content\/uploads\/2023\/12\/or8-Pequeno.jpg 720w, https:\/\/jorgezanoni.com.br\/2019\/wp-content\/uploads\/2023\/12\/or8-Pequeno-300x200.jpg 300w, https:\/\/jorgezanoni.com.br\/2019\/wp-content\/uploads\/2023\/12\/or8-Pequeno-696x464.jpg 696w, https:\/\/jorgezanoni.com.br\/2019\/wp-content\/uploads\/2023\/12\/or8-Pequeno-630x420.jpg 630w\" sizes=\"auto, (max-width: 720px) 100vw, 720px\" \/> <img loading=\"lazy\" decoding=\"async\" class=\"alignnone size-full wp-image-83434\" src=\"https:\/\/jorgezanoni.com.br\/2019\/wp-content\/uploads\/2023\/12\/or9-Pequeno.jpg\" alt=\"\" width=\"720\" height=\"480\" srcset=\"https:\/\/jorgezanoni.com.br\/2019\/wp-content\/uploads\/2023\/12\/or9-Pequeno.jpg 720w, https:\/\/jorgezanoni.com.br\/2019\/wp-content\/uploads\/2023\/12\/or9-Pequeno-300x200.jpg 300w, https:\/\/jorgezanoni.com.br\/2019\/wp-content\/uploads\/2023\/12\/or9-Pequeno-696x464.jpg 696w, https:\/\/jorgezanoni.com.br\/2019\/wp-content\/uploads\/2023\/12\/or9-Pequeno-630x420.jpg 630w\" sizes=\"auto, (max-width: 720px) 100vw, 720px\" \/> <img loading=\"lazy\" decoding=\"async\" class=\"alignnone size-full wp-image-83435\" src=\"https:\/\/jorgezanoni.com.br\/2019\/wp-content\/uploads\/2023\/12\/or10-Pequeno.jpg\" alt=\"\" width=\"480\" height=\"720\" srcset=\"https:\/\/jorgezanoni.com.br\/2019\/wp-content\/uploads\/2023\/12\/or10-Pequeno.jpg 480w, https:\/\/jorgezanoni.com.br\/2019\/wp-content\/uploads\/2023\/12\/or10-Pequeno-200x300.jpg 200w, https:\/\/jorgezanoni.com.br\/2019\/wp-content\/uploads\/2023\/12\/or10-Pequeno-280x420.jpg 280w\" sizes=\"auto, (max-width: 480px) 100vw, 480px\" \/> <img loading=\"lazy\" decoding=\"async\" class=\"alignnone size-full wp-image-83436\" src=\"https:\/\/jorgezanoni.com.br\/2019\/wp-content\/uploads\/2023\/12\/or11-Pequeno.jpg\" alt=\"\" width=\"694\" height=\"480\" srcset=\"https:\/\/jorgezanoni.com.br\/2019\/wp-content\/uploads\/2023\/12\/or11-Pequeno.jpg 694w, https:\/\/jorgezanoni.com.br\/2019\/wp-content\/uploads\/2023\/12\/or11-Pequeno-300x207.jpg 300w, https:\/\/jorgezanoni.com.br\/2019\/wp-content\/uploads\/2023\/12\/or11-Pequeno-100x70.jpg 100w, https:\/\/jorgezanoni.com.br\/2019\/wp-content\/uploads\/2023\/12\/or11-Pequeno-218x150.jpg 218w, https:\/\/jorgezanoni.com.br\/2019\/wp-content\/uploads\/2023\/12\/or11-Pequeno-607x420.jpg 607w\" sizes=\"auto, (max-width: 694px) 100vw, 694px\" \/> <img loading=\"lazy\" decoding=\"async\" class=\"alignnone size-full wp-image-83437\" src=\"https:\/\/jorgezanoni.com.br\/2019\/wp-content\/uploads\/2023\/12\/or12-Pequeno.jpg\" alt=\"\" width=\"720\" height=\"480\" srcset=\"https:\/\/jorgezanoni.com.br\/2019\/wp-content\/uploads\/2023\/12\/or12-Pequeno.jpg 720w, https:\/\/jorgezanoni.com.br\/2019\/wp-content\/uploads\/2023\/12\/or12-Pequeno-300x200.jpg 300w, https:\/\/jorgezanoni.com.br\/2019\/wp-content\/uploads\/2023\/12\/or12-Pequeno-696x464.jpg 696w, https:\/\/jorgezanoni.com.br\/2019\/wp-content\/uploads\/2023\/12\/or12-Pequeno-630x420.jpg 630w\" sizes=\"auto, (max-width: 720px) 100vw, 720px\" \/> <img loading=\"lazy\" decoding=\"async\" class=\"alignnone size-full wp-image-83438\" src=\"https:\/\/jorgezanoni.com.br\/2019\/wp-content\/uploads\/2023\/12\/or13-Pequeno.jpg\" alt=\"\" width=\"720\" height=\"480\" srcset=\"https:\/\/jorgezanoni.com.br\/2019\/wp-content\/uploads\/2023\/12\/or13-Pequeno.jpg 720w, https:\/\/jorgezanoni.com.br\/2019\/wp-content\/uploads\/2023\/12\/or13-Pequeno-300x200.jpg 300w, https:\/\/jorgezanoni.com.br\/2019\/wp-content\/uploads\/2023\/12\/or13-Pequeno-696x464.jpg 696w, https:\/\/jorgezanoni.com.br\/2019\/wp-content\/uploads\/2023\/12\/or13-Pequeno-630x420.jpg 630w\" sizes=\"auto, (max-width: 720px) 100vw, 720px\" \/> <img loading=\"lazy\" decoding=\"async\" class=\"alignnone size-full wp-image-83439\" src=\"https:\/\/jorgezanoni.com.br\/2019\/wp-content\/uploads\/2023\/12\/or14-Pequeno.jpg\" alt=\"\" width=\"720\" height=\"480\" srcset=\"https:\/\/jorgezanoni.com.br\/2019\/wp-content\/uploads\/2023\/12\/or14-Pequeno.jpg 720w, https:\/\/jorgezanoni.com.br\/2019\/wp-content\/uploads\/2023\/12\/or14-Pequeno-300x200.jpg 300w, https:\/\/jorgezanoni.com.br\/2019\/wp-content\/uploads\/2023\/12\/or14-Pequeno-696x464.jpg 696w, https:\/\/jorgezanoni.com.br\/2019\/wp-content\/uploads\/2023\/12\/or14-Pequeno-630x420.jpg 630w\" sizes=\"auto, (max-width: 720px) 100vw, 720px\" \/> <img loading=\"lazy\" decoding=\"async\" class=\"alignnone size-full wp-image-83440\" src=\"https:\/\/jorgezanoni.com.br\/2019\/wp-content\/uploads\/2023\/12\/or15-Pequeno.jpg\" alt=\"\" width=\"720\" height=\"480\" srcset=\"https:\/\/jorgezanoni.com.br\/2019\/wp-content\/uploads\/2023\/12\/or15-Pequeno.jpg 720w, https:\/\/jorgezanoni.com.br\/2019\/wp-content\/uploads\/2023\/12\/or15-Pequeno-300x200.jpg 300w, https:\/\/jorgezanoni.com.br\/2019\/wp-content\/uploads\/2023\/12\/or15-Pequeno-696x464.jpg 696w, https:\/\/jorgezanoni.com.br\/2019\/wp-content\/uploads\/2023\/12\/or15-Pequeno-630x420.jpg 630w\" sizes=\"auto, (max-width: 720px) 100vw, 720px\" \/><\/p>\n<p style=\"text-align: justify;\">Fotos: Vin\u00edcius Cruz I Departamento de Comunica\u00e7\u00e3o<\/p>\n","protected":false},"excerpt":{"rendered":"<p>S\u00d3 DEUS BASTA Na noite de ontem, dia 29, na Igreja Matriz de Nossa Senhora Aparecida, em Dracena, a Diocese de Mar\u00edlia acolheu o rito de ordena\u00e7\u00e3o do Di\u00e1cono Kleber Alexandre Costa. A cerim\u00f4nia, que reuniu ministros ordenados e fi\u00e9is leigos, foi presidida por Dom Luiz Antonio Cipolini, bispo diocesano de Mar\u00edlia. Na homilia, ao [&hellip;]<\/p>\n","protected":false},"author":1,"featured_media":83425,"comment_status":"closed","ping_status":"open","sticky":false,"template":"","format":"standard","meta":{"footnotes":""},"categories":[110,118],"tags":[],"class_list":["post-83424","post","type-post","status-publish","format-standard","has-post-thumbnail","hentry","category-noticiasdestaque","category-religiaoesolidariedade"],"_links":{"self":[{"href":"https:\/\/jorgezanoni.com.br\/2019\/wp-json\/wp\/v2\/posts\/83424","targetHints":{"allow":["GET"]}}],"collection":[{"href":"https:\/\/jorgezanoni.com.br\/2019\/wp-json\/wp\/v2\/posts"}],"about":[{"href":"https:\/\/jorgezanoni.com.br\/2019\/wp-json\/wp\/v2\/types\/post"}],"author":[{"embeddable":true,"href":"https:\/\/jorgezanoni.com.br\/2019\/wp-json\/wp\/v2\/users\/1"}],"replies":[{"embeddable":true,"href":"https:\/\/jorgezanoni.com.br\/2019\/wp-json\/wp\/v2\/comments?post=83424"}],"version-history":[{"count":1,"href":"https:\/\/jorgezanoni.com.br\/2019\/wp-json\/wp\/v2\/posts\/83424\/revisions"}],"predecessor-version":[{"id":83441,"href":"https:\/\/jorgezanoni.com.br\/2019\/wp-json\/wp\/v2\/posts\/83424\/revisions\/83441"}],"wp:featuredmedia":[{"embeddable":true,"href":"https:\/\/jorgezanoni.com.br\/2019\/wp-json\/wp\/v2\/media\/83425"}],"wp:attachment":[{"href":"https:\/\/jorgezanoni.com.br\/2019\/wp-json\/wp\/v2\/media?parent=83424"}],"wp:term":[{"taxonomy":"category","embeddable":true,"href":"https:\/\/jorgezanoni.com.br\/2019\/wp-json\/wp\/v2\/categories?post=83424"},{"taxonomy":"post_tag","embeddable":true,"href":"https:\/\/jorgezanoni.com.br\/2019\/wp-json\/wp\/v2\/tags?post=83424"}],"curies":[{"name":"wp","href":"https:\/\/api.w.org\/{rel}","templated":true}]}}